{"id":23956,"date":"2024-03-02T17:04:14","date_gmt":"2024-03-02T20:04:14","guid":{"rendered":"http:\/\/informeagropecuario.com.ar\/?p=23956"},"modified":"2024-03-02T17:04:14","modified_gmt":"2024-03-02T20:04:14","slug":"advierten-por-un-intenso-mar-de-fondo-que-podria-afectar-las-costas-de-necochea-y-mar-del-plata","status":"publish","type":"post","link":"https:\/\/informeagropecuario.com.ar\/?p=23956","title":{"rendered":"Advierten por un intenso Mar de Fondo que podr\u00eda afectar las costas de Necochea y Mar del Plata"},"content":{"rendered":"<p>Se espera que el fuerte oleaje impacte las costas del sur de la provincia de Buenos Aires. Este fen\u00f3meno, previsto entre el domingo 3 y el lunes 4 de marzo, podr\u00eda provocar significativos da\u00f1os.<!--more--><\/p>\n<p>Una advertencia importante fue emitida para las zonas costeras del sur de la\u00a0provincia\u00a0de Buenos Aires, donde se espera un evento meteorol\u00f3gico significativo debido a\u00a0<strong>la formaci\u00f3n de un cicl\u00f3n extratropical en el Atl\u00e1ntico<\/strong>. Este fen\u00f3meno, acompa\u00f1ado de un intenso\u00a0<strong>mar de fondo<\/strong>, est\u00e1 programado para tener lugar entre el domingo 3 y el lunes 4 de marzo en el Mar Argentino. La expectativa, seg\u00fan las palabras del experto Christian Garavaglia, es que estas condiciones clim\u00e1ticas podr\u00edan provocar un impacto notable en la regi\u00f3n, especialmente en lo que respecta a la altura y la fuerza de las olas.<\/p>\n<p><strong>\u201cZonas costeras del sur de la PBA pueden ser muy afectadas por grandes olas, con potenciales da\u00f1os\u201d<\/strong>, advirti\u00f3 Garavaglia, poniendo especial \u00e9nfasis en la necesidad de preparaci\u00f3n y precauci\u00f3n por parte de quienes residen en o cerca de las \u00e1reas potencialmente impactadas. Esta situaci\u00f3n pone en alerta a la comunidad local y a las autoridades, que ya est\u00e1n evaluando las medidas necesarias para mitigar los posibles efectos adversos que este evento clim\u00e1tico pueda traer.<\/p>\n<p>En particular, la zona de\u00a0Mar del Plata\u00a0y sus alrededores se identifica como un punto cr\u00edtico, debido a su posici\u00f3n geogr\u00e1fica, que la hace especialmente vulnerable a este tipo de eventos meteorol\u00f3gicos. Se espera que el lunes 4 sea el d\u00eda en que los efectos del cicl\u00f3n y el mar de fondo se sientan con mayor intensidad, lo que ha llevado a un llamado a la vigilancia y la preparaci\u00f3n por parte de las autoridades locales y los habitantes de la regi\u00f3n.<\/p>\n<p>Adem\u00e1s de las grandes olas, se pronostica que la regi\u00f3n experimentar\u00e1 vientos del sur\/suroeste, con r\u00e1fagas que podr\u00edan alcanzar velocidades de entre 50 y 70 km\/h a lo largo de la l\u00ednea costera. Esta combinaci\u00f3n de vientos fuertes y mar agitado sugiere una elevaci\u00f3n significativa del nivel del mar, lo que podr\u00eda resultar en inundaciones y otros da\u00f1os en \u00e1reas costeras vulnerables.<\/p>\n<p><strong>\u201cSon varias horas con olas grandes impactando la l\u00ednea costera. Este tipo de situaciones suele dejar algunos destrozos, ya pas\u00f3 varias veces en Mar del Plata\u201d<\/strong>, se\u00f1al\u00f3 Garavaglia, recordando eventos pasados similares que han afectado a la regi\u00f3n. La repetici\u00f3n de tales fen\u00f3menos subraya la importancia de la preparaci\u00f3n y la respuesta adecuada por parte de las autoridades y la poblaci\u00f3n.<\/p>\n<p>El llamado a la precauci\u00f3n no debe tomarse a la ligera, dado el potencial de da\u00f1os significativos a la infraestructura y a la seguridad de las personas en las \u00e1reas afectadas. La colaboraci\u00f3n entre los servicios de emergencia, las autoridades locales y los ciudadanos ser\u00e1 crucial para enfrentar los desaf\u00edos que este cicl\u00f3n extratropical y el mar de fondo puedan presentar.<\/p>\n<h3><strong>Qu\u00e9 es mar de fondo<\/strong><\/h3>\n<p>El \u00abmar de fondo\u00bb es un concepto que se refiere al movimiento de olas que se propagan fuera de la zona donde se generaron inicialmente, alcanzando lugares muy distantes. Este fen\u00f3meno se produce por la acci\u00f3n de vientos que soplan en \u00e1reas lejanas y no tiene relaci\u00f3n directa con los vientos que puedan estar presentes en el lugar de observaci\u00f3n. Las olas creadas por el mar de fondo se caracterizan por tener un per\u00edodo regular, crestas suaves y una longitud significativamente mayor que su altura, lo que les permite viajar largas distancias sin perder energ\u00eda\u200b\u200b.<\/p>\n<p>Una peculiaridad del mar de fondo es que, aunque las olas no sean especialmente altas, la longitud de las mismas puede provocar un aumento considerable en el nivel del mar y erosionar las playas, arrastrando lo que encuentren a su paso con notable fuerza. Este efecto puede ser especialmente enga\u00f1oso y peligroso, dado que la aparente calma de las olas no refleja el potencial de arrastre y da\u00f1o que poseen\u200b\u200b.<\/p>\n<h3><strong>Qu\u00e9 es un cicl\u00f3n extratropical<\/strong><\/h3>\n<p>Un cicl\u00f3n extratropical, tambi\u00e9n conocido como cicl\u00f3n de latitudes medias, es un sistema de baja presi\u00f3n que se caracteriza por la formaci\u00f3n de frentes meteorol\u00f3gicos debido a la convergencia de masas de aire polar y tropical. Este tipo de cicl\u00f3n se forma fuera de los tr\u00f3picos, en latitudes medias, y su desarrollo est\u00e1 fuertemente vinculado a la interacci\u00f3n de diferentes masas de aire con variadas caracter\u00edsticas t\u00e9rmicas y de humedad.<\/p>\n<p>Estos ciclones son responsables de gran parte del tiempo cambiante en las latitudes medias, incluyendo tormentas, lluvias intensas, y en ocasiones, fen\u00f3menos meteorol\u00f3gicos severos como vientos fuertes y nevadas. A diferencia de los ciclones tropicales, que obtienen su energ\u00eda de las c\u00e1lidas aguas oce\u00e1nicas, los ciclones extratropicales se alimentan del gradiente t\u00e9rmico entre masas de aire caliente y fr\u00edo.<\/p>\n<p>El entendimiento de estos fen\u00f3menos es crucial para la preparaci\u00f3n y respuesta ante eventos meteorol\u00f3gicos que puedan afectar \u00e1reas costeras y continentales, ayudando a mitigar posibles da\u00f1os a la infraestructura y garantizar la seguridad de las personas en regiones vulnerables.<\/p>\n<div class=\"jnews_inline_related_post_wrapper left\">\n<div class=\"jnews_inline_related_post\">\n<div class=\"jeg_postblock_21 jeg_postblock jeg_module_hook jeg_pagination_nextprev jeg_col_2o3 jnews_module_172332_6_65e384fc13aab   \" data-unique=\"jnews_module_172332_6_65e384fc13aab\">\n<div class=\"jeg_block_heading jeg_block_heading_5 jeg_subcat_right\"><\/div>\n<\/div>\n<\/div>\n<\/div>\n","protected":false},"excerpt":{"rendered":"<p>Se espera que el fuerte oleaje impacte las costas del sur de la provincia de<\/p>\n","protected":false},"author":1,"featured_media":23957,"comment_status":"open","ping_status":"open","sticky":false,"template":"","format":"standard","meta":{"footnotes":""},"categories":[20],"tags":[],"class_list":["post-23956","post","type-post","status-publish","format-standard","has-post-thumbnail","hentry","category-actualidad"],"_links":{"self":[{"href":"https:\/\/informeagropecuario.com.ar\/index.php?rest_route=\/wp\/v2\/posts\/23956","targetHints":{"allow":["GET"]}}],"collection":[{"href":"https:\/\/informeagropecuario.com.ar\/index.php?rest_route=\/wp\/v2\/posts"}],"about":[{"href":"https:\/\/informeagropecuario.com.ar\/index.php?rest_route=\/wp\/v2\/types\/post"}],"author":[{"embeddable":true,"href":"https:\/\/informeagropecuario.com.ar\/index.php?rest_route=\/wp\/v2\/users\/1"}],"replies":[{"embeddable":true,"href":"https:\/\/informeagropecuario.com.ar\/index.php?rest_route=%2Fwp%2Fv2%2Fcomments&post=23956"}],"version-history":[{"count":1,"href":"https:\/\/informeagropecuario.com.ar\/index.php?rest_route=\/wp\/v2\/posts\/23956\/revisions"}],"predecessor-version":[{"id":23958,"href":"https:\/\/informeagropecuario.com.ar\/index.php?rest_route=\/wp\/v2\/posts\/23956\/revisions\/23958"}],"wp:featuredmedia":[{"embeddable":true,"href":"https:\/\/informeagropecuario.com.ar\/index.php?rest_route=\/wp\/v2\/media\/23957"}],"wp:attachment":[{"href":"https:\/\/informeagropecuario.com.ar\/index.php?rest_route=%2Fwp%2Fv2%2Fmedia&parent=23956"}],"wp:term":[{"taxonomy":"category","embeddable":true,"href":"https:\/\/informeagropecuario.com.ar\/index.php?rest_route=%2Fwp%2Fv2%2Fcategories&post=23956"},{"taxonomy":"post_tag","embeddable":true,"href":"https:\/\/informeagropecuario.com.ar\/index.php?rest_route=%2Fwp%2Fv2%2Ftags&post=23956"}],"curies":[{"name":"wp","href":"https:\/\/api.w.org\/{rel}","templated":true}]}}