{"id":23959,"date":"2024-03-05T12:12:52","date_gmt":"2024-03-05T15:12:52","guid":{"rendered":"http:\/\/informeagropecuario.com.ar\/?p=23959"},"modified":"2024-03-05T12:12:52","modified_gmt":"2024-03-05T15:12:52","slug":"francos-en-la-expoagro-2024-no-vamos-a-plantear-un-incremento-a-las-retenciones","status":"publish","type":"post","link":"https:\/\/informeagropecuario.com.ar\/?p=23959","title":{"rendered":"Francos en la ExpoAgro 2024: \u00abNo vamos a plantear un incremento a las retenciones\u00bb"},"content":{"rendered":"<p>El\u00a0 ministro del Interior, estuvo presente en la inauguraci\u00f3n de ExpoAgro 2024 y asegur\u00f3 que \u00abno vamos a plantear un incremento a las\u00a0retenciones\u00a0en el tratamiento de la Ley \u00d3mnibus\u00bb .<!--more--><\/p>\n<div id=\"vsmcontent\" class=\"content vsmcontent mainfont\">\n<div id=\"element-body\">\n<p>Adem\u00e1s, subray\u00f3 que \u00abla intenci\u00f3n del Gobierno es hacer todos los acuerdos comerciales que nos permitan exportar\u00bb.<\/p>\n<p>Con respecto a la reuni\u00f3n que mantendr\u00e1 con gobernadores, Francos habl\u00f3 sobre la posible ausencia de \u00c1xel Kicillof: \u00abTiene una visi\u00f3n ideol\u00f3gica diferente a la del Gobierno nacional. Pero eso no quiere decir que no podamos ponernos de acuerdo en distintos puntos\u00bb . Y a\u00f1adi\u00f3: \u00abHay que escucharlo. Por ah\u00ed tenemos diferencias, pero eso no quiere decir que no podamos ponernos de acuerdo\u00bb.<\/p>\n<p>\u00abSiempre hay matices y diferencias. Estamos en una democracia donde todos fuimos elegidos en diferentes lugares, pero tambi\u00e9n quiero decir que al presidente Milei lo eligi\u00f3 el 56% de los argentinos y una gran parte de ellos tambi\u00e9n votaron a los gobernadores que fueron electos\u00bb, puntualiz\u00f3 Francos.<br \/>\nPor otra parte, adelant\u00f3 que el Presidente de la Naci\u00f3n \u00abseguramente no va a estar presente en la reuni\u00f3n con gobernadores\u00bb , aunque no lo descart\u00f3 del todo: \u00abNo s\u00e9 si va a pasar a saludar, va a depender mucho de cu\u00e1les sean los gobernadores que vengan\u00bb.<\/p>\n<p>Por \u00faltimo, destac\u00f3 que \u00abel Pacto de Mato es un objetivo de mucha m\u00e1s trascendencia que lo que tengamos en el medio. En ese camino, los gobernadores y el Gobierno nacional se van a poner de acuerdo en solucionar los problemas que tienen las provincias y la Naci\u00f3n\u00bb.<\/p>\n<\/div>\n<\/div>\n","protected":false},"excerpt":{"rendered":"<p>El\u00a0 ministro del Interior, estuvo presente en la inauguraci\u00f3n de ExpoAgro 2024 y asegur\u00f3 que<\/p>\n","protected":false},"author":1,"featured_media":23960,"comment_status":"open","ping_status":"open","sticky":false,"template":"","format":"standard","meta":{"footnotes":""},"categories":[20],"tags":[],"class_list":["post-23959","post","type-post","status-publish","format-standard","has-post-thumbnail","hentry","category-actualidad"],"_links":{"self":[{"href":"https:\/\/informeagropecuario.com.ar\/index.php?rest_route=\/wp\/v2\/posts\/23959","targetHints":{"allow":["GET"]}}],"collection":[{"href":"https:\/\/informeagropecuario.com.ar\/index.php?rest_route=\/wp\/v2\/posts"}],"about":[{"href":"https:\/\/informeagropecuario.com.ar\/index.php?rest_route=\/wp\/v2\/types\/post"}],"author":[{"embeddable":true,"href":"https:\/\/informeagropecuario.com.ar\/index.php?rest_route=\/wp\/v2\/users\/1"}],"replies":[{"embeddable":true,"href":"https:\/\/informeagropecuario.com.ar\/index.php?rest_route=%2Fwp%2Fv2%2Fcomments&post=23959"}],"version-history":[{"count":1,"href":"https:\/\/informeagropecuario.com.ar\/index.php?rest_route=\/wp\/v2\/posts\/23959\/revisions"}],"predecessor-version":[{"id":23961,"href":"https:\/\/informeagropecuario.com.ar\/index.php?rest_route=\/wp\/v2\/posts\/23959\/revisions\/23961"}],"wp:featuredmedia":[{"embeddable":true,"href":"https:\/\/informeagropecuario.com.ar\/index.php?rest_route=\/wp\/v2\/media\/23960"}],"wp:attachment":[{"href":"https:\/\/informeagropecuario.com.ar\/index.php?rest_route=%2Fwp%2Fv2%2Fmedia&parent=23959"}],"wp:term":[{"taxonomy":"category","embeddable":true,"href":"https:\/\/informeagropecuario.com.ar\/index.php?rest_route=%2Fwp%2Fv2%2Fcategories&post=23959"},{"taxonomy":"post_tag","embeddable":true,"href":"https:\/\/informeagropecuario.com.ar\/index.php?rest_route=%2Fwp%2Fv2%2Ftags&post=23959"}],"curies":[{"name":"wp","href":"https:\/\/api.w.org\/{rel}","templated":true}]}}