{"id":23962,"date":"2024-03-05T12:16:19","date_gmt":"2024-03-05T15:16:19","guid":{"rendered":"http:\/\/informeagropecuario.com.ar\/?p=23962"},"modified":"2024-03-05T12:16:19","modified_gmt":"2024-03-05T15:16:19","slug":"expoagro-abre-sus-puertas-hoy-con-la-visita-de-milei","status":"publish","type":"post","link":"https:\/\/informeagropecuario.com.ar\/?p=23962","title":{"rendered":"Expoagro abre sus puertas hoy con la visita de Milei"},"content":{"rendered":"<p>El presidente llegar\u00e1 al mediod\u00eda. La feria permanecer\u00e1 hasta el viernes, en San Nicol\u00e1s. Anoche en la cena inaugural, estuvieron Kicillof, Llaryora, Pullaro y Frigerio.<!--more--><\/p>\n<p><strong class=\"\">\u00a0<\/strong>Expoagro 2024 edici\u00f3n YPF Agro se realizar\u00e1 desde este martes 5 al vierrnes 8 de marzo, en el predio ferial y aut\u00f3dromo de San Nicol\u00e1s \u2013 KM 225 de la RN 9-.<\/p>\n<p>A \u00faltima horra de ayer se confirm\u00f3 la visita del presidente Javier Milei, quien llegar\u00e1\u00a0<strong>alrededor de las 12 para recorrer la muestra y tener un espacio especial para una charla con los productores.<\/strong><\/p>\n<p>Milei pidi\u00f3 hablar en un auditorio cerrado de no m\u00e1s de 150 personas. Los organizadores le garantizaron una carpa, la misma en la que se realiz\u00f3 anoche la cena de bienvenida a la cual asistieron varias figuras pol\u00edticas.<\/p>\n<p>En la cena inaugural a la que asistieron Axel Kicillof y varios gobernadores como<strong>\u00a0Rogelio Frigerio, de Entre R\u00edos, Mart\u00edn Llaryora de C\u00f3rdoba y Maximiliano Pullaro de Santa Fe.\u00a0<\/strong>Tambi\u00e9n estuvieron el secretario de Bioeconom\u00eda, Fernando Vilella y los due\u00f1os y CEO de las principales empresas que motorizan esta muestra.<\/p>\n<div class=\"google-auto-placed ap_container\"><strong>La feria<\/strong><\/div>\n<div class=\"google-auto-placed ap_container\">Expoagro ser\u00e1 el lugar para desarrollar negocios, capacitarse, y conocer las \u00faltimas tendencias en maquinaria, insumos y servicios para la agroindustria.<\/div>\n<p>En esta nueva edici\u00f3n de la Capital Nacional de los Agronegocios habr\u00e1 m\u00e1s de\u00a0<strong>600 expositores\u00a0<\/strong>de\u00a0<strong>maquinaria, insumos, servicios y bancos<\/strong>, entre los que se suman\u00a0<strong>130 nuevas empresas<\/strong>. El predio contar\u00e1 con\u00a0<strong>8.000 metros cuadrados m\u00e1s<\/strong>\u00a0de espacios comerciales, en comparaci\u00f3n con el a\u00f1o anterior.<\/p>\n<p>Cabe se\u00f1alar que habr\u00e1 m\u00e1s de\u00a0<strong>12 entidades bancarias<\/strong>\u00a0p\u00fablicas y privadas, que ofrecer\u00e1n distintas l\u00edneas de financiaci\u00f3n especiales para la expo, para respaldar el desarrollo del agro argentino.<\/p>\n<p>Por otro lado,\u00a0<strong>tambi\u00e9n habr\u00e1 empresas de insumos estrat\u00e9gicos en 12 plot<\/strong>s. Adem\u00e1s, estar\u00e1 el espacio Agtech, que tendr\u00e1<strong>\u00a0m\u00e1s de 30 startups, desarrolladores, emprendedores y universidades<\/strong>.<\/p>\n<p><strong>RELACIONAMIENTO, VINCULACI\u00d3N Y CAPACITACI\u00d3N<\/strong><\/p>\n<p>En Expoagro 2024\u00a0<strong>habr\u00e1 7 auditorios\u00a0<\/strong>donde se realizar\u00e1n charlas, jornadas de capacitaci\u00f3n, y lanzamientos: el\u00a0<strong>Auditorio Agtech John Deere<\/strong>; la\u00a0<strong>Carpa de Remates IPCVA<\/strong>\u00a0y el\u00a0<strong>Auditorio Ganadero Carne Argentina<\/strong>; el\u00a0<strong>Auditorio de la sala de Prensa<\/strong>, el\u00a0<strong>Auditorio de Agronegocios<\/strong>; el\u00a0<strong>Tecn\u00f3dromo<\/strong>, y el\u00a0<strong>Anfiteatro SPS Semillas<\/strong>\u00a0(ambos con la particularidad de ser al aire libre).<\/p>\n<p>Por si fuera poco, estar\u00e1 el\u00a0<strong>Centro de Agronegocios Louis Dreyfus Company (LDC)<\/strong>, donde se promueve el\u00a0<strong>relacionamiento entre entidades e instituciones<\/strong>, y\u00a0<strong>se realizan rondas de negocios<\/strong>\u00a0tendr\u00e1 una agenda muy interesante.<\/p>\n<p>Otro espacio clave para el relacionamiento es la\u00a0<strong>Carpa Internacional\u00a0<\/strong>que se prepara para recibir a\u00a0<strong>extranjeros interesados en hacer negocios en el pa\u00eds<\/strong>\u00a0y a\u00a0<strong>representantes de Embajadas en Argentina<\/strong>.<\/p>\n<p>Algunas de las actividades destacadas ser\u00e1n: en el\u00a0<strong>Anfiteatro SPS Semillas<\/strong>, el\u00a0<strong>mi\u00e9rcoles 6\u00a0<\/strong>por la ma\u00f1ana se llevar\u00e1 a cabo el\u00a0<strong>Foro Econ\u00f3mico, organizado en conjunto con la Fundaci\u00f3n FADA<\/strong>.<\/p>\n<p>Luego, otro de los t\u00f3picos convocantes ser\u00e1 una jornada\u00a0<strong>Punto Clima<\/strong>\u00a0organizada junto al Servicio Meteorol\u00f3gico Nacional. Habr\u00e1 un panel sobre Tiempo y Clima con meteor\u00f3logos y especialistas de CREA.<\/p>\n<p>Tambi\u00e9n el jueves 7 por la tarde en el stand de Ternium, se realizar\u00e1 la entrega de la 8\u00b0 edici\u00f3n del\u00a0<strong>Premio Ternium Expoagro a la Innovaci\u00f3n Agroindustrial<\/strong>\u00a0donde fueron reconocidos 9 desarrollos con medalla de oro, plata y bronce y se lanzar\u00e1 la 9 edici\u00f3n.<\/p>\n<p>El\u00a0<strong>jueves 7<\/strong>, desde las 14:30 hs, se realizar\u00e1 la\u00a0<strong>Jornada de J\u00f3venes: Generaci\u00f3n Digital con Compromiso Ambiental<\/strong>; co-organizada con el movimiento ACA Joven.<\/p>\n<p>El\u00a0<strong>viernes 8<\/strong>\u00a0por la ma\u00f1ana, 10.30 hs, ser\u00e1 el\u00a0<strong>Encuentro de Mujeres en el Agro<\/strong>, coorganizado con Las Chicas del Agro y llamado\u00a0<strong>\u201cMujeres a la M\u00e1xima Potencia\u201d<\/strong>.<\/p>\n<p><strong>ACTIVIDADES A CAMPO<\/strong><\/p>\n<p>Todos los d\u00edas en el<strong>\u00a0Tecn\u00f3dromo\u00a0<\/strong>se realizar\u00e1 el\u00a0<strong>Show de la Maquinaria Agr\u00edcola<\/strong>\u00a0a las 10, donde se ver\u00e1n en acci\u00f3n\u00a0<strong>sembradoras, cosechadoras, fertilizadoras y pulverizadoras.\u00a0<\/strong>A las 11, habr\u00e1 otro momento con todo lo referido a\u00a0<strong>Tecnolog\u00eda Ganadera<\/strong>, aqu\u00ed se mostrar\u00e1n distintos manejos para producir forraje o cultivo preparado para la alimentaci\u00f3n animal,\u00a0<strong>habr\u00e1 corte y picado de forraje, rollos, mixers, embolsado y tolvas.\u00a0<\/strong>Por la tarde, a las 14:30\u00a0<strong>Evoluci\u00f3n Tecnol\u00f3gica<\/strong>, un espacio transversal que\u00a0<strong>vincula diferentes sistemas de producci\u00f3n con las AgTech<\/strong>; se podr\u00e1n observar drones, rob\u00f3tica y algunos servicios especiales que se vinculan con c\u00f3mo hacer el seguimiento de la producci\u00f3n. En esta oportunidad, habr\u00e1 m\u00e1s de 33 m\u00e1quinas de 24 empresas que revolucionar\u00e1n el Tecn\u00f3dromo.<\/p>\n<p>Adem\u00e1s, se destacar\u00e1n las\u00a0<strong>Cl\u00ednicas de Siembra, Aplicaci\u00f3n y Fertilizaci\u00f3n<\/strong>, donde se brindar\u00e1 asesoramiento sobre los par\u00e1metros fundamentales del mantenimiento y puesta a punto de los equipos. Las cl\u00ednicas de siembra ser\u00e1n desarrolladas por Apache, Crucianelli, Plantium; las de Aplicaci\u00f3n, por Jacto y las de fertilizaci\u00f3n por Metalfor. Mientras que Valtra llevar\u00e1 a cabo un\u00a0<strong>test drive de tractores<\/strong>.<\/p>\n<p><strong>ALGO DE LO NUEVO<\/strong><\/p>\n<p>Para mejorar la experiencia del expositor y del visitante, este a\u00f1o se sumar\u00e1\u00a0<strong>ExpoBOT<\/strong>,\u00a0<strong>un asistente virtual que, a trav\u00e9s de WhatsApp, brindar\u00e1 toda la informaci\u00f3n de la expo<\/strong>: agenda de actividades, charlas, ubicaci\u00f3n de los expositores, sector gastron\u00f3mico, ganader\u00eda, maquinaria en el campo, emergencias, entre otros temas.<\/p>\n<p>En cuanto a los nuevos contenidos que encontrar\u00e1n los visitantes, se destaca el\u00a0<strong>Plot demostrativo de Aapresid<\/strong>, que ser\u00e1 un reflejo del sistema productivo impulsado por la instituci\u00f3n.<\/p>\n<p>Tambi\u00e9n la muestra contar\u00e1 nuevamente con su<strong>\u00a0Streaming Expoagro en VIVO<\/strong>. Tendr\u00e1 una programaci\u00f3n ampliada\u00a0<strong>con entrevistas en piso y en m\u00f3viles que recorrer\u00e1n la expo<\/strong>.<\/p>\n<p><strong>EL SECTOR GANADERO GANA CADA A\u00d1O M\u00c1S ESPACIO<\/strong><\/p>\n<p>En el Sector Ganadero de Expoagro 2024, habr\u00e1 cinco remates en la\u00a0<strong>Carpa de Remates del IPCVA<\/strong>, que ser\u00e1n televisados y v\u00eda streaming; a cargo de\u00a0<strong>UMC y Haciendas Villaguay<\/strong>,\u00a0<strong>Negocios de Hacienda, Colombo y Magliano, Rosgan y Campos y Ganados.<\/strong><\/p>\n<p>Adem\u00e1s, en el\u00a0<strong>Auditorio Carne Argentina<\/strong>\u00a0habr\u00e1 capacitaciones y las jornadas t\u00e9cnicas de las razas m\u00e1s importantes del pa\u00eds:\u00a0<strong>Braford, Hereford, Brangus y Angus<\/strong>. En este sentido, cabe destacar que estar\u00eda el\u00a0<strong>D\u00eda Swift<\/strong>\u00a0con una mesa de compra de ganado y charlas especiales.<\/p>\n<p>Como invitado especial, el Sector Ganadero contar\u00e1 con la presencia de An\u00edbal Fern\u00e1ndez Mayer quien aportar\u00e1 datos claves para la\u00a0<strong>Recr\u00eda de Terneros y la Suplementaci\u00f3n estrat\u00e9gica en sistemas pastoriles<\/strong>.<\/p>\n<p>Asimismo, se llevar\u00e1 a cabo la presentaci\u00f3n de las NACIONALES edici\u00f3n Santander de las razas Braford, Brangus y Brahman, la muestra ganadera que se realizar\u00e1 del 27 al 31 de mayo, en Corrientes<\/p>\n","protected":false},"excerpt":{"rendered":"<p>El presidente llegar\u00e1 al mediod\u00eda. La feria permanecer\u00e1 hasta el viernes, en San Nicol\u00e1s. Anoche<\/p>\n","protected":false},"author":1,"featured_media":23963,"comment_status":"open","ping_status":"open","sticky":false,"template":"","format":"standard","meta":{"footnotes":""},"categories":[20],"tags":[],"class_list":["post-23962","post","type-post","status-publish","format-standard","has-post-thumbnail","hentry","category-actualidad"],"_links":{"self":[{"href":"https:\/\/informeagropecuario.com.ar\/index.php?rest_route=\/wp\/v2\/posts\/23962","targetHints":{"allow":["GET"]}}],"collection":[{"href":"https:\/\/informeagropecuario.com.ar\/index.php?rest_route=\/wp\/v2\/posts"}],"about":[{"href":"https:\/\/informeagropecuario.com.ar\/index.php?rest_route=\/wp\/v2\/types\/post"}],"author":[{"embeddable":true,"href":"https:\/\/informeagropecuario.com.ar\/index.php?rest_route=\/wp\/v2\/users\/1"}],"replies":[{"embeddable":true,"href":"https:\/\/informeagropecuario.com.ar\/index.php?rest_route=%2Fwp%2Fv2%2Fcomments&post=23962"}],"version-history":[{"count":1,"href":"https:\/\/informeagropecuario.com.ar\/index.php?rest_route=\/wp\/v2\/posts\/23962\/revisions"}],"predecessor-version":[{"id":23964,"href":"https:\/\/informeagropecuario.com.ar\/index.php?rest_route=\/wp\/v2\/posts\/23962\/revisions\/23964"}],"wp:featuredmedia":[{"embeddable":true,"href":"https:\/\/informeagropecuario.com.ar\/index.php?rest_route=\/wp\/v2\/media\/23963"}],"wp:attachment":[{"href":"https:\/\/informeagropecuario.com.ar\/index.php?rest_route=%2Fwp%2Fv2%2Fmedia&parent=23962"}],"wp:term":[{"taxonomy":"category","embeddable":true,"href":"https:\/\/informeagropecuario.com.ar\/index.php?rest_route=%2Fwp%2Fv2%2Fcategories&post=23962"},{"taxonomy":"post_tag","embeddable":true,"href":"https:\/\/informeagropecuario.com.ar\/index.php?rest_route=%2Fwp%2Fv2%2Ftags&post=23962"}],"curies":[{"name":"wp","href":"https:\/\/api.w.org\/{rel}","templated":true}]}}