{"id":23965,"date":"2024-03-05T12:20:37","date_gmt":"2024-03-05T15:20:37","guid":{"rendered":"http:\/\/informeagropecuario.com.ar\/?p=23965"},"modified":"2024-03-05T12:20:37","modified_gmt":"2024-03-05T15:20:37","slug":"vilella-no-descarto-una-suba-de-retenciones-y-critico-el-uso-ilegal-de-semillas-estamos-en-el-parto-de-la-nueva-argentina-y-es-doloroso","status":"publish","type":"post","link":"https:\/\/informeagropecuario.com.ar\/?p=23965","title":{"rendered":"Vilella no descart\u00f3 una suba de retenciones y critic\u00f3 el uso ilegal de semillas: \u00abEstamos en el parto de la nueva Argentina y es doloroso\u00bb"},"content":{"rendered":"<p>\u00abSi todos cooperamos en m\u00e1xima co-creaci\u00f3n lo que resulte ser\u00e1 mejor para todos y sostenible en el tiempo\u201d, destac\u00f3 durante la previa de Expoagro 2024<!--more--><\/p>\n<div id=\"body-1\" class=\"body-1 mt-20\">\n<p>El secretario de Bioeconom\u00eda de la Naci\u00f3n,\u00a0Fernando Vilella, se\u00f1al\u00f3 que \u00abla problem\u00e1tica de la macroeconom\u00eda hace que tenga que esperar un poco\u00bb la baja de\u00a0retenciones\u00a0al sector agropecuario. Incluso, no descart\u00f3 que vuelva a aparecer el cap\u00edtulo de suba de derechos de exportaci\u00f3n:\u00a0<strong>\u00abPareciera que hay consenso de que no (van a subir las retenciones)\u00bb, coment\u00f3 en potencial.<\/strong><\/p>\n<h2>Vilella en Expoagro 2024<\/h2>\n<p>Durante la cena previa al comienzo de<strong>\u00a0Expoagro 2024<\/strong>, Vilella destac\u00f3 como positivo que \u00abla brecha se redujo sustancialmente\u00bb. \u00abEsperamos que se elimine del todo\u00bb, agreg\u00f3 en di\u00e1logo con la prensa. Tambi\u00e9n dijo que la regulaci\u00f3n de limitar el acceso al cr\u00e9dito \u00abes temporal y en alg\u00fan momento va a desaparecer, como desaparecieron regulaciones que eran nocivas para el sector\u00bb. Esto \u00faltimo es la regulaci\u00f3n del BCRA que limita el acceso al\u00a0<strong>financiamiento a los que tengan soja en acopio.<\/strong><\/p>\n<p>Vilella puntualiz\u00f3 que se hered\u00f3 un pa\u00eds con US$ 12.000 millones en negativo y un r\u00e9cord mundial de inflaci\u00f3n:\u00a0<strong>\u00abHay cuestiones que resolver\u00bb.<\/strong><\/p>\n<\/div>\n<div id=\"body-2\">\n<div id=\"body-2\" class=\"body-2 mt-20\">\n<p>Otro de los temas que resalt\u00f3 es que \u00abla propiedad intelectual no est\u00e1 resguardada en la Argentina\u00bb. En este sentido, destac\u00f3 que la intenci\u00f3n de sumarse a UPOV 91 es \u00abuna forma de aseguramiento de la propiedad intelectual, ya que queremos que el productor pueda elegir la mejor gen\u00e9tica\u00bb. \u00abEn el caso de soja es dram\u00e1tico, hay atraso gen\u00e9tico y hay muchos cultivos que est\u00e1n en Brasil y aca no\u00bb. Al mismo tiempo, agreg\u00f3:\u00a0<strong>\u00abEl error es focalizarse solo en la soja, perdemos la oportunidad de tener legumbres o cultivos regionales\u00bb.<\/strong><\/p>\n<p>\u00abPor primera vez en 20 a\u00f1os se va a nombrar el directorio del\u00a0INASE. Subimos sustancialmente las multas y aranceles. Alguien comet\u00eda un il\u00edcito y la multa estaba valuada en precios de gasoil de tres a\u00f1os atr\u00e1s\u00bb, destac\u00f3 y habl\u00f3 de \u00abpresionar al que hace las cosas mal\u00bb.\u00a0<strong>\u00abSi el 70% de la soja no est\u00e1 declarada alguien est\u00e1 vendiendo en negro<\/strong>, hay gente que no usa la semilla tampoco de uso propio\u00bb, resalt\u00f3 al repasar su cruce con CRA (Confederaciones Rurales Argentinas).\u00a0 \u00abTengo contacto frecuente con la Mesa de Enlace\u00bb, aclar\u00f3.<\/p>\n<h2>Cena previa de Expoagro 2024<\/h2>\n<p>Frente al p\u00fablico de la cena previa a Expoagro 2024, Vilella afim\u00f3:\u00a0<strong>\u201cVamos a un sistema que promueve la iniciativa privada y la apertura al mundo, aumentando las exportaciones y recibiendo inversiones.<\/strong>\u00a0Tenemos con qu\u00e9 hacerlo y no solo con la agrobioindustria, nuestra Vaca Viva, que hoy explica el 70% de las actuales exportaciones, a esto hay que sumar la energ\u00eda, la miner\u00eda, la econom\u00eda del conocimiento y el turismo receptivo de calidad. Estamos en el parto de la nueva Argentina y es doloroso, pero si todos cooperamos en m\u00e1xima co-creaci\u00f3n lo que resulte ser\u00e1 mejor para todos y sostenible en el tiempo\u201d.<\/p>\n<\/div>\n<\/div>\n<div class=\"m-full-width no-loaded-banner\">\n<div class=\"dfp-banner stripped\">\n<div class=\"adunitContainer\"><\/div>\n<\/div>\n<\/div>\n<div id=\"body-3\">\n<div id=\"body-3\" class=\"body-3 mt-20\">\n<p>Vilella invit\u00f3 a visitar el stand de la Secretar\u00eda, para mensurar \u201clos senderos de la Bioeconom\u00eda, con el ejemplo de la cadena del ma\u00edz. Ese ma\u00edz se exporta en un 70 % como grano, el resto produce prote\u00ednas animales como carnes (bovina, porcina, aves, leche, huevos y algo de peces), diversos alimentos, jarabe de fructosa, etanol, CO2 biol\u00f3gico\u201d.<\/p>\n<p>Para finalizar, sostuvo: \u201cTenemos una estrategia basada en devolverle la rentabilidad a todos los productores y a los distintos eslabones de las cadenas, donde cada una de ellas crezca sin parasitar a otra. Es el \u00fanico camino real para aumentar sustantivamente las exportaciones maximizando la sostenibilidad de los negocios\u201d.<\/p>\n<p>Durante su discurso en la previa de Expoagro 2024, Vilella enumer\u00f3 los resultados de gesti\u00f3n, tales como:<\/p>\n<ul>\n<li>En enero las exportaciones de carne bovina para el mes fueron las mayores en 51 a\u00f1os de registro, dato que se repiti\u00f3 en febrero.<\/li>\n<li>En lecher\u00eda las medidas tomadas generaron un impacto muy positivo en las exportaciones interanuales de l\u00e1cteos que crecieron 17 %, un 27% las de queso y un 53%, de mozzarella.<\/li>\n<li>En SENASA r\u00e1pidamente se logr\u00f3 un control eficiente y r\u00e1pido de la epidemia de ENCEFALOMIELITIS equina, al asumir no hab\u00eda ni vacunas ni estrategia.<\/li>\n<li>En tiempo r\u00e9cord se informatiz\u00f3 el tr\u00e1mite de Registro de Agroqu\u00edmicos y Bioinsumos, y se comenz\u00f3 a aplicar un sistema de rotulado voluntario de productos a trav\u00e9s de un c\u00f3digo QR que permite acceder de manera r\u00e1pida a toda la informaci\u00f3n del producto.<\/li>\n<li>En biotecnolog\u00eda estamos aprobando un evento cada semana, estos estaban paralizados luego de 3 a\u00f1os de tramitaci\u00f3n. Estamos actualizando y agilizando sistemas, uno de ellos es la creaci\u00f3n de una ventana \u00fanica de expedientes con Brasil.<\/li>\n<li>El acceso a China del trigo y ma\u00edz, ma\u00edz a Indonesia, carne bovina y ovina con hueso a Israel y almendras a Brasil, entre otros.<\/li>\n<li>Se ha inaugurado una mesa p\u00fablico-privada en materia de negociaciones agr\u00edcolas internacionales para mejorar la coordinaci\u00f3n y desarrollar mejores pol\u00edticas comerciales.<\/li>\n<li>Este a\u00f1o implementaremos la trazabilidad electr\u00f3nica individual vacuna con un cronograma que elaboraremos en conjunto con la cadena.<\/li>\n<li>Estamos repotenciando al INASE; fundamental para el acceso a la mejor gen\u00e9tica y devolver rentabilidad al productor. Por primera vez en 20 a\u00f1os se va a conformar el Directorio con productores, industria y sector p\u00fablico.<\/li>\n<li>Por su parte, el INTA, el gran faro tecnol\u00f3gico de nuestra Secretar\u00eda, est\u00e1 activo en su reconfiguraci\u00f3n con un perfil propositivo en sus funciones en innovaci\u00f3n y extensi\u00f3n.<\/li>\n<\/ul>\n<\/div>\n<\/div>\n","protected":false},"excerpt":{"rendered":"<p>\u00abSi todos cooperamos en m\u00e1xima co-creaci\u00f3n lo que resulte ser\u00e1 mejor para todos y sostenible<\/p>\n","protected":false},"author":1,"featured_media":23966,"comment_status":"open","ping_status":"open","sticky":false,"template":"","format":"standard","meta":{"footnotes":""},"categories":[20],"tags":[],"class_list":["post-23965","post","type-post","status-publish","format-standard","has-post-thumbnail","hentry","category-actualidad"],"_links":{"self":[{"href":"https:\/\/informeagropecuario.com.ar\/index.php?rest_route=\/wp\/v2\/posts\/23965","targetHints":{"allow":["GET"]}}],"collection":[{"href":"https:\/\/informeagropecuario.com.ar\/index.php?rest_route=\/wp\/v2\/posts"}],"about":[{"href":"https:\/\/informeagropecuario.com.ar\/index.php?rest_route=\/wp\/v2\/types\/post"}],"author":[{"embeddable":true,"href":"https:\/\/informeagropecuario.com.ar\/index.php?rest_route=\/wp\/v2\/users\/1"}],"replies":[{"embeddable":true,"href":"https:\/\/informeagropecuario.com.ar\/index.php?rest_route=%2Fwp%2Fv2%2Fcomments&post=23965"}],"version-history":[{"count":1,"href":"https:\/\/informeagropecuario.com.ar\/index.php?rest_route=\/wp\/v2\/posts\/23965\/revisions"}],"predecessor-version":[{"id":23967,"href":"https:\/\/informeagropecuario.com.ar\/index.php?rest_route=\/wp\/v2\/posts\/23965\/revisions\/23967"}],"wp:featuredmedia":[{"embeddable":true,"href":"https:\/\/informeagropecuario.com.ar\/index.php?rest_route=\/wp\/v2\/media\/23966"}],"wp:attachment":[{"href":"https:\/\/informeagropecuario.com.ar\/index.php?rest_route=%2Fwp%2Fv2%2Fmedia&parent=23965"}],"wp:term":[{"taxonomy":"category","embeddable":true,"href":"https:\/\/informeagropecuario.com.ar\/index.php?rest_route=%2Fwp%2Fv2%2Fcategories&post=23965"},{"taxonomy":"post_tag","embeddable":true,"href":"https:\/\/informeagropecuario.com.ar\/index.php?rest_route=%2Fwp%2Fv2%2Ftags&post=23965"}],"curies":[{"name":"wp","href":"https:\/\/api.w.org\/{rel}","templated":true}]}}