{"id":23972,"date":"2024-03-05T14:21:25","date_gmt":"2024-03-05T17:21:25","guid":{"rendered":"http:\/\/informeagropecuario.com.ar\/?p=23972"},"modified":"2024-03-05T14:21:25","modified_gmt":"2024-03-05T17:21:25","slug":"milei-en-expoagro-2024-cuando-se-levanta-el-cepo-al-dolar-de-cuanto-sera-la-inflacion-y-cuando-se-podran-bajar-impuestos","status":"publish","type":"post","link":"https:\/\/informeagropecuario.com.ar\/?p=23972","title":{"rendered":"Milei en Expoagro 2024: cu\u00e1ndo se levanta el cepo al d\u00f3lar, de cu\u00e1nto ser\u00e1 la inflaci\u00f3n y cu\u00e1ndo se podr\u00e1n bajar impuestos"},"content":{"rendered":"<p>El presidente Javier Milei se acerc\u00f3 hasta Expoagro y tuvo un encuentro con empresarios<!--more--><\/p>\n<div id=\"body-1\" class=\"body-1 mt-20\">\n<p>Javier Milei lleg\u00f3 a\u00a0Expoagro 2024\u00a0pasado el mediod\u00eda y una multitud de gente se junt\u00f3 para recibirlo. Inmediatamente mantuvo una reuni\u00f3n con empresarios invitados en el Centro de Agronegocios de la megamuestra. Adelant\u00f3 que la inflaci\u00f3n de febrero ser\u00e1 del 15% y que el\u00a0<strong>cepo se podr\u00e1 levantar para mediados de a\u00f1o.<\/strong><\/p>\n<h2>Milei en Expoagro 2024<\/h2>\n<p><strong>Durante la visita a Expoagro 2024<\/strong>, Milei estuvo acompa\u00f1ado de\u00a0<strong>Jose Luis Espert y de su hermana, Karina Milei<\/strong>. Durante una presentaci\u00f3n, destac\u00f3 la importancia del sector en la econom\u00eda, como promotor del desarrollo econ\u00f3mico. Tambi\u00e9n alert\u00f3 sobre la profundidad de la crisis y repas\u00f3 \u00edndices que muestran resultados de la\u00a0estabilizaci\u00f3n de la econom\u00eda.<\/p>\n<p><strong>El Presidente confirm\u00f3 la continuidad del plan econ\u00f3mico y precis\u00f3 que durante enero el gasto del Estado se redujo en un 30 por ciento,<\/strong>\u00a0mientras que en febrero se ajust\u00f3 otro 36 por ciento. Con respecto a la inflaci\u00f3n, el mandatario sostuvo que hay un consenso alcanzado en que el indicador del mes de febrero estar\u00e1 en torno al 15 por ciento, casi cinco puntos menos que en enero.<\/p>\n<\/div>\n<div id=\"body-2\">\n<div id=\"body-2\" class=\"body-2 mt-20\">\n<p>Milei se mostr\u00f3 en<strong>\u00a0Expoagro<\/strong>\u00a0confiado de las medidas que tom\u00f3 hasta ahora, y adelant\u00f3 que reci\u00e9n podr\u00e1 bajar impuestos cuando se estabilice la econom\u00eda. Al mismo tiempo critic\u00f3 el d\u00e9ficit fiscal como el originador de la emisi\u00f3n y las regulaciones que impactan en la econom\u00eda argentina.\u00a0<strong>\u00abLa regulaci\u00f3n genera kioskos\u00bb.<\/strong><\/p>\n<p>La Naci\u00f3n cit\u00f3 una frase del Presidente en Expoagro 2024:\u00a0<strong>\u201cTen\u00edamos muchos abanderados de la corrupci\u00f3n y de esto no encontraban nada<\/strong>. Me refiero a fondos fiduciarios o a los seguros. Muchos proclaman bajar la corrupci\u00f3n, pero no han hecho nada, lo hacemos nosotros. Por eso est\u00e1 tan nerviosa la casta\u201d.<\/p>\n<\/div>\n<div id=\"body-2\" class=\"body-2 mt-20\">Milei tambi\u00e9n retom\u00f3 su principal premisa en el plano econ\u00f3mico: reducir la inflaci\u00f3n. \u201cHay luz al final del camino y en alg\u00fan momento se va a desplomar la tasa\u201d, sostuvo. Entonces, remarc\u00f3 que hay \u201cconsenso\u201d alrededor de que en febrero el indicador estar\u00e1 en un 15%, mientras que marc\u00f3<strong>: \u201cSi se limpian las correcciones de precios atrasados, la inflaci\u00f3n est\u00e1 en torno a 10%\u201d.<\/strong><\/div>\n<\/div>\n<div id=\"body-3\">\n<div id=\"body-3\" class=\"body-3 mt-20\">\n<p>Adem\u00e1s, habl\u00f3 de la intervenci\u00f3n de la Agencia T\u00e9lam que hizo su gesti\u00f3n.\u00a0<strong>\u201c\u00bfSe imaginan dejar abierto el edificio de T\u00e9lam para que lo tomen? Con la ministra de Seguridad decidimos que \u00edbamos a poner vallas y que no iba a entrar nadie.<\/strong>\u00a0Exist\u00eda la posibilidad de conflicto f\u00edsico. Los que iban a hacer l\u00edo no eran los periodistas, hay 100 barrabravas en T\u00e9lam\u201d, remarc\u00f3.<\/p>\n<\/div>\n<\/div>\n","protected":false},"excerpt":{"rendered":"<p>El presidente Javier Milei se acerc\u00f3 hasta Expoagro y tuvo un encuentro con empresarios<\/p>\n","protected":false},"author":1,"featured_media":23973,"comment_status":"open","ping_status":"open","sticky":false,"template":"","format":"standard","meta":{"footnotes":""},"categories":[20],"tags":[],"class_list":["post-23972","post","type-post","status-publish","format-standard","has-post-thumbnail","hentry","category-actualidad"],"_links":{"self":[{"href":"https:\/\/informeagropecuario.com.ar\/index.php?rest_route=\/wp\/v2\/posts\/23972","targetHints":{"allow":["GET"]}}],"collection":[{"href":"https:\/\/informeagropecuario.com.ar\/index.php?rest_route=\/wp\/v2\/posts"}],"about":[{"href":"https:\/\/informeagropecuario.com.ar\/index.php?rest_route=\/wp\/v2\/types\/post"}],"author":[{"embeddable":true,"href":"https:\/\/informeagropecuario.com.ar\/index.php?rest_route=\/wp\/v2\/users\/1"}],"replies":[{"embeddable":true,"href":"https:\/\/informeagropecuario.com.ar\/index.php?rest_route=%2Fwp%2Fv2%2Fcomments&post=23972"}],"version-history":[{"count":1,"href":"https:\/\/informeagropecuario.com.ar\/index.php?rest_route=\/wp\/v2\/posts\/23972\/revisions"}],"predecessor-version":[{"id":23974,"href":"https:\/\/informeagropecuario.com.ar\/index.php?rest_route=\/wp\/v2\/posts\/23972\/revisions\/23974"}],"wp:featuredmedia":[{"embeddable":true,"href":"https:\/\/informeagropecuario.com.ar\/index.php?rest_route=\/wp\/v2\/media\/23973"}],"wp:attachment":[{"href":"https:\/\/informeagropecuario.com.ar\/index.php?rest_route=%2Fwp%2Fv2%2Fmedia&parent=23972"}],"wp:term":[{"taxonomy":"category","embeddable":true,"href":"https:\/\/informeagropecuario.com.ar\/index.php?rest_route=%2Fwp%2Fv2%2Fcategories&post=23972"},{"taxonomy":"post_tag","embeddable":true,"href":"https:\/\/informeagropecuario.com.ar\/index.php?rest_route=%2Fwp%2Fv2%2Ftags&post=23972"}],"curies":[{"name":"wp","href":"https:\/\/api.w.org\/{rel}","templated":true}]}}