{"id":23988,"date":"2024-03-08T13:57:02","date_gmt":"2024-03-08T16:57:02","guid":{"rendered":"http:\/\/informeagropecuario.com.ar\/?p=23988"},"modified":"2024-03-08T13:57:02","modified_gmt":"2024-03-08T16:57:02","slug":"el-jefe-de-gobierno-jorge-macri-visito-expoagro","status":"publish","type":"post","link":"https:\/\/informeagropecuario.com.ar\/?p=23988","title":{"rendered":"El jefe de Gobierno, Jorge Macri, visit\u00f3 Expoagro"},"content":{"rendered":"<p class=\"px-4 titulos titulos-expo-gacetilla position-relative\">Anunci\u00f3 que la Ciudad ser\u00e1 sede de un importante congreso sobre tecnolog\u00eda para la agricultura sustentable: \u00abEs el campo y la ciudad, todos tirando para el mismo lado\u00bb<!--more--><\/p>\n<p>En su visita a Expoagro, Jorge Macri anticip\u00f3 que del 7 al 9 de agosto pr\u00f3ximo se reunir\u00e1 en el congreso de la Asociaci\u00f3n Argentina de Productores de Siembra Directa (Aapresid) que convocar\u00e1 en La Rural a m\u00e1s de 350 disertantes nacionales e internacionales sobre bioeconom\u00eda, biotecnolog\u00eda, cambio clim\u00e1tico y tecnolog\u00edas en maquinaria agr\u00edcola, entre otros temas.<\/p>\n<p><em>\u00abEs un encuentro valioso para el sector y muy reconocido a nivel mundial, que posiciona a la Ciudad como una capital tecnol\u00f3gica del sector agroindustiral\u00bb,<\/em>\u00a0destac\u00f3 el Jefe de Gobierno en declaraciones a la prensa durante la recorrida por la tradicional muestra agropecuaria que se realiza en San Nicol\u00e1s.<\/p>\n<p>El Jefe de Gobierno se reuni\u00f3 en Expoagro con productores y emprendedores del sector tecnol\u00f3gico y expuso su visi\u00f3n sobre la gran oportunidad de desarrollo que se le presenta hoy a la Argentina. Subray\u00f3 que para avanzar con \u00e9xito hacia ese objetivo es fundamental el accionar conjunto y coordinado:\u00a0<em>\u201cEs el campo y la Ciudad, todos tirando para el mismo lado\u00bb.<\/em><\/p>\n<p>Jorge Macri asegur\u00f3 que la capital de la Argentina continuar\u00e1 d\u00e1ndole firme respaldo al campo a trav\u00e9s de la industria del conocimiento y la innovaci\u00f3n<em>: \u00abLo m\u00e1s importante que tiene nuestra Ciudad es su capital humano. No tiene hect\u00e1reas productivas para el agro y la ganader\u00eda, pero es en Buenos Aires donde muchas empresas desarrollan nuevas tecnolog\u00edas aplicadas al campo y vamos a seguir acompa\u00f1ando al sector\u00bb.<\/em><\/p>\n<p>\u00abTenemos las puertas abiertas para todo aquel que quiera invertir y conocer el trabajo que hacemos para acompa\u00f1ar al sector\u00bb<em>,\u00a0<\/em>agreg\u00f3.<\/p>\n<p>Sostuvo que\u00a0<em>\u201capoyar al sector privado es la \u00fanica manera de construir un pa\u00eds con progreso\u201d\u00a0<\/em>y apunt\u00f3:\u00a0<em>\u201cEl contexto que atravesamos nos exige trabajar en sinergia sectores productivos, industrias y Gobierno. Hay sabidur\u00eda en la tradici\u00f3n y oportunidades en la cooperaci\u00f3n\u201d.<\/em><\/p>\n<p>Jorge Macri tambi\u00e9n recorri\u00f3 el stand del Gobierno de la Ciudad en Expoagro, que ofrece propuestas de apoyo al sector privado a trav\u00e9s del Ministerio de Desarrollo Econ\u00f3mico y oportunidades de networking a startups y empresas de la Ciudad que quieran potenciarse a trav\u00e9s del Distrito Tecnol\u00f3gico.<\/p>\n<p>Resalt\u00f3 que la Ciudad concentra cada vez m\u00e1s startups y productores de software que dan soporte tecnol\u00f3gico a la industria agropecuaria con plataformas y aplicaciones que contribuyen a optimizar y a facilitar la administraci\u00f3n de recursos.<\/p>\n<p>Durante la visita el Jefe de Gobierno estuvo junto con el expresidente Mauricio Macri y la diputada Mar\u00eda Eugenia Vidal. Y comparti\u00f3 un almuerzo con autoridades de Exponenciar, la empresa organizadora de Expoagro, entre ellos, el CEO Mart\u00edn Schwartzman, y el titular del directorio, Alberto Marina, y particip\u00f3 de una reuni\u00f3n con intendentes bonaerenses.<\/p>\n","protected":false},"excerpt":{"rendered":"<p>Anunci\u00f3 que la Ciudad ser\u00e1 sede de un importante congreso sobre tecnolog\u00eda para la agricultura<\/p>\n","protected":false},"author":1,"featured_media":23989,"comment_status":"open","ping_status":"open","sticky":false,"template":"","format":"standard","meta":{"footnotes":""},"categories":[20],"tags":[],"class_list":["post-23988","post","type-post","status-publish","format-standard","has-post-thumbnail","hentry","category-actualidad"],"_links":{"self":[{"href":"https:\/\/informeagropecuario.com.ar\/index.php?rest_route=\/wp\/v2\/posts\/23988","targetHints":{"allow":["GET"]}}],"collection":[{"href":"https:\/\/informeagropecuario.com.ar\/index.php?rest_route=\/wp\/v2\/posts"}],"about":[{"href":"https:\/\/informeagropecuario.com.ar\/index.php?rest_route=\/wp\/v2\/types\/post"}],"author":[{"embeddable":true,"href":"https:\/\/informeagropecuario.com.ar\/index.php?rest_route=\/wp\/v2\/users\/1"}],"replies":[{"embeddable":true,"href":"https:\/\/informeagropecuario.com.ar\/index.php?rest_route=%2Fwp%2Fv2%2Fcomments&post=23988"}],"version-history":[{"count":1,"href":"https:\/\/informeagropecuario.com.ar\/index.php?rest_route=\/wp\/v2\/posts\/23988\/revisions"}],"predecessor-version":[{"id":23990,"href":"https:\/\/informeagropecuario.com.ar\/index.php?rest_route=\/wp\/v2\/posts\/23988\/revisions\/23990"}],"wp:featuredmedia":[{"embeddable":true,"href":"https:\/\/informeagropecuario.com.ar\/index.php?rest_route=\/wp\/v2\/media\/23989"}],"wp:attachment":[{"href":"https:\/\/informeagropecuario.com.ar\/index.php?rest_route=%2Fwp%2Fv2%2Fmedia&parent=23988"}],"wp:term":[{"taxonomy":"category","embeddable":true,"href":"https:\/\/informeagropecuario.com.ar\/index.php?rest_route=%2Fwp%2Fv2%2Fcategories&post=23988"},{"taxonomy":"post_tag","embeddable":true,"href":"https:\/\/informeagropecuario.com.ar\/index.php?rest_route=%2Fwp%2Fv2%2Ftags&post=23988"}],"curies":[{"name":"wp","href":"https:\/\/api.w.org\/{rel}","templated":true}]}}