{"id":24007,"date":"2024-03-09T13:36:25","date_gmt":"2024-03-09T16:36:25","guid":{"rendered":"http:\/\/informeagropecuario.com.ar\/?p=24007"},"modified":"2024-03-09T13:36:25","modified_gmt":"2024-03-09T16:36:25","slug":"expoagro-cerro-con-sabor-amargo-por-una-violenta-tormenta","status":"publish","type":"post","link":"https:\/\/informeagropecuario.com.ar\/?p=24007","title":{"rendered":"Expoagro  cerr\u00f3 con sabor amargo por una violenta tormenta"},"content":{"rendered":"<p>La \u201cCapital de los Agronegocios\u201d termin\u00f3 este viernes por la tarde con un r\u00e9cord de visitantes. El lado negativo fue un temporal de lluvia y vientos que provoc\u00f3 cuantiosos da\u00f1os en stands y en maquinarias.<!--more--><\/p>\n<p>A las 18.30 de este viernes, cuando\u00a0<strong>Expoagro\u00a0<\/strong>cerr\u00f3 las puertas de su edici\u00f3n 2024, todo era algarab\u00eda y hab\u00eda motivos para que fuera as\u00ed.<\/p>\n<p>\u201cEstamos muy contentos con estos cuatro d\u00edas. Tuvimos\u00a0<strong>r\u00e9cord de concurrencia con m\u00e1s de 180.000 visitantes\u00a0 y m\u00e1s de U$S 2.000 millones de solicitudes de cr\u00e9ditos<\/strong>\u201d, subray\u00f3 Martin Schvartzman, CEO de Exponenciar, empresa organizadora de la mega muestra agropecuaria en San Nicol\u00e1s.<\/p>\n<p>Sin embargo, iniciada la noche,\u00a0<strong>la felicidad torn\u00f3 a tristeza y lamento, como consecuencia de una violent\u00edsima tormenta de lluvia y vientos<\/strong>\u00a0que destroz\u00f3 stands, y afect\u00f3 incluso a m\u00e1quinas agr\u00edcolas.<\/p>\n<p><img fetchpriority=\"high\" decoding=\"async\" class=\"alignnone  wp-image-24009\" src=\"https:\/\/informeagropecuario.com.ar\/wp-content\/uploads\/2024\/03\/q-300x190.jpg\" alt=\"\" width=\"706\" height=\"447\" srcset=\"https:\/\/informeagropecuario.com.ar\/wp-content\/uploads\/2024\/03\/q-300x190.jpg 300w, https:\/\/informeagropecuario.com.ar\/wp-content\/uploads\/2024\/03\/q-768x486.jpg 768w, https:\/\/informeagropecuario.com.ar\/wp-content\/uploads\/2024\/03\/q.jpg 800w\" sizes=\"(max-width: 706px) 100vw, 706px\" \/><\/p>\n<p>La buena noticia es que\u00a0<strong>no hubo afectados en materia de salud<\/strong>, y por ende las p\u00e9rdidas fueron solo materiales.<\/p>\n<p>Este s\u00e1bado por la ma\u00f1ana, Expoagro emiti\u00f3 el siguiente\u00a0<strong>comunicado para llevar tranquilidad<\/strong>:<\/p>\n<p><em>Hoy s\u00e1bado\u00a0<strong>no se permitir\u00e1 el ingreso para desarme<\/strong>.<\/em><\/p>\n<p><em>Desde la Organizaci\u00f3n de Expoagro queremos\u00a0<strong>llevar tranquilidad acerca de la salud de las personas que se encontraban ayer por la tarde noche<\/strong>\u00a0cuando se desat\u00f3 la tormenta en el predio ferial y aut\u00f3dromo de San Nicolas en el cierre de la edici\u00f3n 2024 de Expoagro.<\/em><\/p>\n<p><em><strong>Los perjuicios han sido materiales<\/strong>\u00a0y ya se est\u00e1 trabajando desde la misma noche de ayer.<\/em><\/p>\n<h2><strong>EXPOAGRO, CON R\u00c9CORDS<\/strong><\/h2>\n<p>Pero m\u00e1s all\u00e1 de este temporal que opac\u00f3\u00a0<strong>el buen \u00e1nimo que se percibi\u00f3 en Expoagro<\/strong>, desde Exponenciar mantuvieron la felicidad por los buenos resultados que tuvo la muestra.<\/p>\n<p>Por ejemplo, adem\u00e1s de los antes mencionados,<strong>\u00a0la participaci\u00f3n de m\u00e1s de 600 empresas expositoras<\/strong>\u00a0que relanzaron un centenar de lanzamientos de productos y servicios.<\/p>\n<p>Para Patricio Frydman, gerente Comercial de Exponenciar,\u00a0<strong>\u201cExpoagro fue una muestra que super\u00f3 ampliamente las expectativas de todos\u201d<\/strong>.<\/p>\n<p>\u201cHemos experimentado un crecimiento significativo en el volumen de transacciones,<strong>\u00a0duplicando las cifras de a\u00f1os anteriores. Adem\u00e1s, el aumento en la asistencia tambi\u00e9n fue notable<\/strong>, casi duplicando la cantidad de visitantes\u201d, a\u00f1adi\u00f3 Frydman.<\/p>\n<p>Y resalt\u00f3: \u201cUna vez m\u00e1s se consolid\u00f3 como\u00a0<strong>la principal exposici\u00f3n agroindustrial de la regi\u00f3n. Ofreciendo oportunidades tanto para empresas, prensa, funcionarios, productores, contratistas, asesores, ganaderos, entidades y asociaciones<\/strong>. En resumen, fue una exposici\u00f3n que super\u00f3 todas las expectativas en t\u00e9rminos de negocios, asistencia y servicios\u201d.<\/p>\n<p>&nbsp;<\/p>\n<p>&nbsp;<\/p>\n<p>&nbsp;<\/p>\n<p>&nbsp;<\/p>\n<p>&nbsp;<\/p>\n<p>&nbsp;<\/p>\n<p>&nbsp;<\/p>\n<p>&nbsp;<\/p>\n<p>&nbsp;<\/p>\n<p>&nbsp;<\/p>\n<p>&nbsp;<\/p>\n<p>&nbsp;<\/p>\n<p>&nbsp;<\/p>\n<p>&nbsp;<\/p>\n<p>&nbsp;<\/p>\n<p>&nbsp;<\/p>\n<p>&nbsp;<\/p>\n<p>&nbsp;<\/p>\n<p>&nbsp;<\/p>\n<p>&nbsp;<\/p>\n<p>&nbsp;<\/p>\n<p>&nbsp;<\/p>\n<p>&nbsp;<\/p>\n<p>&nbsp;<\/p>\n<p>&nbsp;<\/p>\n<p>&nbsp;<\/p>\n<p>&nbsp;<\/p>\n<p>&nbsp;<\/p>\n<p>&nbsp;<\/p>\n<p>&nbsp;<\/p>\n<p>&nbsp;<\/p>\n<p>&nbsp;<\/p>\n<p>&nbsp;<\/p>\n<p>&nbsp;<\/p>\n<p>&nbsp;<\/p>\n<p>&nbsp;<\/p>\n<p>&nbsp;<\/p>\n<p>&nbsp;<\/p>\n<p>&nbsp;<\/p>\n<p>&nbsp;<\/p>\n<p>&nbsp;<\/p>\n<p>&nbsp;<\/p>\n<p>&nbsp;<\/p>\n<p>&nbsp;<\/p>\n<p>&nbsp;<\/p>\n<p>&nbsp;<\/p>\n<pre>Infocampo<\/pre>\n","protected":false},"excerpt":{"rendered":"<p>La \u201cCapital de los Agronegocios\u201d termin\u00f3 este viernes por la tarde con un r\u00e9cord de<\/p>\n","protected":false},"author":1,"featured_media":24008,"comment_status":"open","ping_status":"open","sticky":false,"template":"","format":"standard","meta":{"footnotes":""},"categories":[20],"tags":[],"class_list":["post-24007","post","type-post","status-publish","format-standard","has-post-thumbnail","hentry","category-actualidad"],"_links":{"self":[{"href":"https:\/\/informeagropecuario.com.ar\/index.php?rest_route=\/wp\/v2\/posts\/24007","targetHints":{"allow":["GET"]}}],"collection":[{"href":"https:\/\/informeagropecuario.com.ar\/index.php?rest_route=\/wp\/v2\/posts"}],"about":[{"href":"https:\/\/informeagropecuario.com.ar\/index.php?rest_route=\/wp\/v2\/types\/post"}],"author":[{"embeddable":true,"href":"https:\/\/informeagropecuario.com.ar\/index.php?rest_route=\/wp\/v2\/users\/1"}],"replies":[{"embeddable":true,"href":"https:\/\/informeagropecuario.com.ar\/index.php?rest_route=%2Fwp%2Fv2%2Fcomments&post=24007"}],"version-history":[{"count":1,"href":"https:\/\/informeagropecuario.com.ar\/index.php?rest_route=\/wp\/v2\/posts\/24007\/revisions"}],"predecessor-version":[{"id":24010,"href":"https:\/\/informeagropecuario.com.ar\/index.php?rest_route=\/wp\/v2\/posts\/24007\/revisions\/24010"}],"wp:featuredmedia":[{"embeddable":true,"href":"https:\/\/informeagropecuario.com.ar\/index.php?rest_route=\/wp\/v2\/media\/24008"}],"wp:attachment":[{"href":"https:\/\/informeagropecuario.com.ar\/index.php?rest_route=%2Fwp%2Fv2%2Fmedia&parent=24007"}],"wp:term":[{"taxonomy":"category","embeddable":true,"href":"https:\/\/informeagropecuario.com.ar\/index.php?rest_route=%2Fwp%2Fv2%2Fcategories&post=24007"},{"taxonomy":"post_tag","embeddable":true,"href":"https:\/\/informeagropecuario.com.ar\/index.php?rest_route=%2Fwp%2Fv2%2Ftags&post=24007"}],"curies":[{"name":"wp","href":"https:\/\/api.w.org\/{rel}","templated":true}]}}