{"id":24011,"date":"2024-03-11T17:06:02","date_gmt":"2024-03-11T20:06:02","guid":{"rendered":"http:\/\/informeagropecuario.com.ar\/?p=24011"},"modified":"2024-03-11T17:06:02","modified_gmt":"2024-03-11T20:06:02","slug":"puerto-quequen-asumio-como-gerente-general-fernando-ciancaglini","status":"publish","type":"post","link":"https:\/\/informeagropecuario.com.ar\/?p=24011","title":{"rendered":"Puerto Quequ\u00e9n:  Asumio como gerente general Fernando Ciancaglini"},"content":{"rendered":"<p>El Consorcio de Gesti\u00f3n de Puerto Quequ\u00e9n ha dado un giro en su direcci\u00f3n con el nombramiento de Fernando Ciancaglini como su nuevo gerente general.<!--more--><\/p>\n<p class=\"selectionShareable\">Esta decisi\u00f3n, tomada la semana pasada por el directorio del ente portuario, forma parte de un proceso de reestructuraci\u00f3n en curso desde que Jimena L\u00f3pez asumi\u00f3 la direcci\u00f3n.<\/p>\n<p>Ciancaglini ocupar\u00e1 el puesto dejado por Oscar Mor\u00e1n, marcando as\u00ed su regreso a una funci\u00f3n que ya desempe\u00f1\u00f3 entre mayo de 2015 y junio de 2016. Su trayectoria en el Consorcio, donde ha trabajado en el \u00e1rea legal durante varios a\u00f1os, respalda esta decisi\u00f3n.<\/p>\n<p class=\"selectionShareable\">\n<p class=\"selectionShareable\">\n<p class=\"selectionShareable\">Adem\u00e1s de su experiencia en el \u00e1mbito portuario, Ciancaglini ha dejado su huella en la funci\u00f3n p\u00fablica, destac\u00e1ndose como Secretario General en la Municipalidad de Necochea durante la primera gesti\u00f3n del ex intendente Julio Municoy, entre 1995 y 1999.<\/p>\n","protected":false},"excerpt":{"rendered":"<p>El Consorcio de Gesti\u00f3n de Puerto Quequ\u00e9n ha dado un giro en su direcci\u00f3n con<\/p>\n","protected":false},"author":1,"featured_media":24012,"comment_status":"open","ping_status":"open","sticky":false,"template":"","format":"standard","meta":{"footnotes":""},"categories":[20],"tags":[],"class_list":["post-24011","post","type-post","status-publish","format-standard","has-post-thumbnail","hentry","category-actualidad"],"_links":{"self":[{"href":"https:\/\/informeagropecuario.com.ar\/index.php?rest_route=\/wp\/v2\/posts\/24011","targetHints":{"allow":["GET"]}}],"collection":[{"href":"https:\/\/informeagropecuario.com.ar\/index.php?rest_route=\/wp\/v2\/posts"}],"about":[{"href":"https:\/\/informeagropecuario.com.ar\/index.php?rest_route=\/wp\/v2\/types\/post"}],"author":[{"embeddable":true,"href":"https:\/\/informeagropecuario.com.ar\/index.php?rest_route=\/wp\/v2\/users\/1"}],"replies":[{"embeddable":true,"href":"https:\/\/informeagropecuario.com.ar\/index.php?rest_route=%2Fwp%2Fv2%2Fcomments&post=24011"}],"version-history":[{"count":1,"href":"https:\/\/informeagropecuario.com.ar\/index.php?rest_route=\/wp\/v2\/posts\/24011\/revisions"}],"predecessor-version":[{"id":24013,"href":"https:\/\/informeagropecuario.com.ar\/index.php?rest_route=\/wp\/v2\/posts\/24011\/revisions\/24013"}],"wp:featuredmedia":[{"embeddable":true,"href":"https:\/\/informeagropecuario.com.ar\/index.php?rest_route=\/wp\/v2\/media\/24012"}],"wp:attachment":[{"href":"https:\/\/informeagropecuario.com.ar\/index.php?rest_route=%2Fwp%2Fv2%2Fmedia&parent=24011"}],"wp:term":[{"taxonomy":"category","embeddable":true,"href":"https:\/\/informeagropecuario.com.ar\/index.php?rest_route=%2Fwp%2Fv2%2Fcategories&post=24011"},{"taxonomy":"post_tag","embeddable":true,"href":"https:\/\/informeagropecuario.com.ar\/index.php?rest_route=%2Fwp%2Fv2%2Ftags&post=24011"}],"curies":[{"name":"wp","href":"https:\/\/api.w.org\/{rel}","templated":true}]}}