{"id":24023,"date":"2024-03-11T17:25:27","date_gmt":"2024-03-11T20:25:27","guid":{"rendered":"http:\/\/informeagropecuario.com.ar\/?p=24023"},"modified":"2024-03-11T17:25:27","modified_gmt":"2024-03-11T20:25:27","slug":"imposible-olvidar-milei-recordo-cuando-lousteau-pedia-retenciones-de-hasta-el-50-al-mismo-tiempo-que-en-el-gobierno-descartan-una-nueva-suba","status":"publish","type":"post","link":"https:\/\/informeagropecuario.com.ar\/?p=24023","title":{"rendered":"\u00ab\u00a1Imposible olvidar!\u00bb: Milei record\u00f3 cuando Lousteau ped\u00eda retenciones de hasta el 50%, al mismo tiempo que en el Gobierno descartan una nueva suba"},"content":{"rendered":"<p>El Presidente hizo varias menciones en el d\u00eda que se cumplen 16 a\u00f1os del conflicto del campo con el Gobierno<!--more--><\/p>\n<div id=\"body-1\" class=\"body-1 mt-20\">\n<p>A trav\u00e9s de la cuenta de X (Twitter), el\u00a0presidente Javier Milei\u00a0record\u00f3 un nuevo aniversario de la pol\u00e9mica Resoluci\u00f3n 125, que establec\u00eda retenciones m\u00f3viles para el sector agropecuario.<\/p>\n<p>Primero cit\u00f3 un tuit:\u00a0<strong>\u00abEFEM\u00c9RIDES\u00bb<\/strong>, puso el Presidente al posteo que recordaba que un 11 de marzo del 2008, hace 16 a\u00f1os,<strong>\u00a0Mart\u00edn Lousteau (actual presidente de la Uni\u00f3n C\u00edvica Radical)<\/strong>\u00a0firmaba la resoluci\u00f3n 125 que propon\u00eda retenciones m\u00f3viles de hasta el 50%. \u00abAcompa\u00f1ado por el kirchnerismo lleg\u00f3 a poner a la Argentina al borde de una guerra civil\u00bb, agrega el tuit de Rodo Llanos, presidente de la Uni\u00f3n de Emprendedores de la Rep\u00fablica Argentina.<\/p>\n<\/div>\n<div class=\"m-full-width no-loaded-banner\">\n<div class=\"dfp-banner stripped\">\n<div id=\"adSlot-1_parent\" class=\"adunitContainer\"><\/div>\n<\/div>\n<\/div>\n<div id=\"body-2\">\n<div id=\"body-2\" class=\"body-2 mt-20\">\n<div class=\"twitter-tweet twitter-tweet-rendered\"><iframe id=\"twitter-widget-0\" class=\"\" title=\"X Post\" src=\"https:\/\/platform.twitter.com\/embed\/Tweet.html?creatorScreenName=AgrofyNews&amp;dnt=false&amp;embedId=twitter-widget-0&amp;features=eyJ0ZndfdGltZWxpbmVfbGlzdCI6eyJidWNrZXQiOltdLCJ2ZXJzaW9uIjpudWxsfSwidGZ3X2ZvbGxvd2VyX2NvdW50X3N1bnNldCI6eyJidWNrZXQiOnRydWUsInZlcnNpb24iOm51bGx9LCJ0ZndfdHdlZXRfZWRpdF9iYWNrZW5kIjp7ImJ1Y2tldCI6Im9uIiwidmVyc2lvbiI6bnVsbH0sInRmd19yZWZzcmNfc2Vzc2lvbiI6eyJidWNrZXQiOiJvbiIsInZlcnNpb24iOm51bGx9LCJ0ZndfZm9zbnJfc29mdF9pbnRlcnZlbnRpb25zX2VuYWJsZWQiOnsiYnVja2V0Ijoib24iLCJ2ZXJzaW9uIjpudWxsfSwidGZ3X21peGVkX21lZGlhXzE1ODk3Ijp7ImJ1Y2tldCI6InRyZWF0bWVudCIsInZlcnNpb24iOm51bGx9LCJ0ZndfZXhwZXJpbWVudHNfY29va2llX2V4cGlyYXRpb24iOnsiYnVja2V0IjoxMjA5NjAwLCJ2ZXJzaW9uIjpudWxsfSwidGZ3X3Nob3dfYmlyZHdhdGNoX3Bpdm90c19lbmFibGVkIjp7ImJ1Y2tldCI6Im9uIiwidmVyc2lvbiI6bnVsbH0sInRmd19kdXBsaWNhdGVfc2NyaWJlc190b19zZXR0aW5ncyI6eyJidWNrZXQiOiJvbiIsInZlcnNpb24iOm51bGx9LCJ0ZndfdXNlX3Byb2ZpbGVfaW1hZ2Vfc2hhcGVfZW5hYmxlZCI6eyJidWNrZXQiOiJvbiIsInZlcnNpb24iOm51bGx9LCJ0ZndfdmlkZW9faGxzX2R5bmFtaWNfbWFuaWZlc3RzXzE1MDgyIjp7ImJ1Y2tldCI6InRydWVfYml0cmF0ZSIsInZlcnNpb24iOm51bGx9LCJ0ZndfbGVnYWN5X3RpbWVsaW5lX3N1bnNldCI6eyJidWNrZXQiOnRydWUsInZlcnNpb24iOm51bGx9LCJ0ZndfdHdlZXRfZWRpdF9mcm9udGVuZCI6eyJidWNrZXQiOiJvbiIsInZlcnNpb24iOm51bGx9fQ%3D%3D&amp;frame=false&amp;hideCard=false&amp;hideThread=false&amp;id=1767223887836684371&amp;lang=es&amp;origin=https%3A%2F%2Fnews.agrofy.com.ar%2Fnoticia%2F208761%2Fimposible-olvidar-milei-recordo-cuando-lousteau-pedia-retenciones-50-mismo-tiempo-que&amp;sessionId=3468968973d4979341226833e461a198a8b591d9&amp;siteScreenName=AgrofyNews&amp;theme=light&amp;widgetsVersion=2615f7e52b7e0%3A1702314776716&amp;width=550px\" frameborder=\"0\" scrolling=\"no\" allowfullscreen=\"allowfullscreen\" data-tweet-id=\"1767223887836684371\" data-mce-fragment=\"1\"><\/iframe><\/div>\n<p>M\u00e1s tarde, Milei redobl\u00f3 la apuesta con un\u00a0<strong>\u00abIMPOSIBLE OLVIDAR&#8230;!!!\u00bb<\/strong>, citando un video en donde Lousteau habla de la iniciativa que\u00a0<strong>enfrent\u00f3 al campo con el gobierno de Cristina Kirchner.<\/strong><\/p>\n<div class=\"twitter-tweet twitter-tweet-rendered\"><iframe id=\"twitter-widget-1\" class=\"\" title=\"X Post\" src=\"https:\/\/platform.twitter.com\/embed\/Tweet.html?creatorScreenName=AgrofyNews&amp;dnt=false&amp;embedId=twitter-widget-1&amp;features=eyJ0ZndfdGltZWxpbmVfbGlzdCI6eyJidWNrZXQiOltdLCJ2ZXJzaW9uIjpudWxsfSwidGZ3X2ZvbGxvd2VyX2NvdW50X3N1bnNldCI6eyJidWNrZXQiOnRydWUsInZlcnNpb24iOm51bGx9LCJ0ZndfdHdlZXRfZWRpdF9iYWNrZW5kIjp7ImJ1Y2tldCI6Im9uIiwidmVyc2lvbiI6bnVsbH0sInRmd19yZWZzcmNfc2Vzc2lvbiI6eyJidWNrZXQiOiJvbiIsInZlcnNpb24iOm51bGx9LCJ0ZndfZm9zbnJfc29mdF9pbnRlcnZlbnRpb25zX2VuYWJsZWQiOnsiYnVja2V0Ijoib24iLCJ2ZXJzaW9uIjpudWxsfSwidGZ3X21peGVkX21lZGlhXzE1ODk3Ijp7ImJ1Y2tldCI6InRyZWF0bWVudCIsInZlcnNpb24iOm51bGx9LCJ0ZndfZXhwZXJpbWVudHNfY29va2llX2V4cGlyYXRpb24iOnsiYnVja2V0IjoxMjA5NjAwLCJ2ZXJzaW9uIjpudWxsfSwidGZ3X3Nob3dfYmlyZHdhdGNoX3Bpdm90c19lbmFibGVkIjp7ImJ1Y2tldCI6Im9uIiwidmVyc2lvbiI6bnVsbH0sInRmd19kdXBsaWNhdGVfc2NyaWJlc190b19zZXR0aW5ncyI6eyJidWNrZXQiOiJvbiIsInZlcnNpb24iOm51bGx9LCJ0ZndfdXNlX3Byb2ZpbGVfaW1hZ2Vfc2hhcGVfZW5hYmxlZCI6eyJidWNrZXQiOiJvbiIsInZlcnNpb24iOm51bGx9LCJ0ZndfdmlkZW9faGxzX2R5bmFtaWNfbWFuaWZlc3RzXzE1MDgyIjp7ImJ1Y2tldCI6InRydWVfYml0cmF0ZSIsInZlcnNpb24iOm51bGx9LCJ0ZndfbGVnYWN5X3RpbWVsaW5lX3N1bnNldCI6eyJidWNrZXQiOnRydWUsInZlcnNpb24iOm51bGx9LCJ0ZndfdHdlZXRfZWRpdF9mcm9udGVuZCI6eyJidWNrZXQiOiJvbiIsInZlcnNpb24iOm51bGx9fQ%3D%3D&amp;frame=false&amp;hideCard=false&amp;hideThread=false&amp;id=1767253808726397247&amp;lang=es&amp;origin=https%3A%2F%2Fnews.agrofy.com.ar%2Fnoticia%2F208761%2Fimposible-olvidar-milei-recordo-cuando-lousteau-pedia-retenciones-50-mismo-tiempo-que&amp;sessionId=3468968973d4979341226833e461a198a8b591d9&amp;siteScreenName=AgrofyNews&amp;theme=light&amp;widgetsVersion=2615f7e52b7e0%3A1702314776716&amp;width=550px\" frameborder=\"0\" scrolling=\"no\" allowfullscreen=\"allowfullscreen\" data-tweet-id=\"1767253808726397247\" data-mce-fragment=\"1\"><\/iframe><\/div>\n<p>D\u00edas atr\u00e1s, el Presidente pas\u00f3 por Expoagro y, si bien evit\u00f3 dar precisiones sobre el futuro de las retenciones, funcionarios de su gabinete se encargaron de aclarar que no se intentar\u00e1 subir las retenciones al agro.<\/p>\n<\/div>\n<\/div>\n<div id=\"body-3\">\n<div id=\"body-3\" class=\"body-3 mt-20\">\n<p>En di\u00e1logo con Agrofy News, Guillermo Francos, ministro del Interior de la Naci\u00f3n Argentina, destac\u00f3:<strong>\u00a0\u00abNo vamos a plantear una suba de retenciones en el tratamiento de la ley \u00f3mnibus, para nada\u00bb.<\/strong>\u00a0 \u00abTenemos mucho para dar al mundo y a los productores argentinos tambi\u00e9n\u00bb, agreg\u00f3.\u00a0 \u00abPracticamente no hay brecha\u00bb, afirm\u00f3 tambi\u00e9n sobre el tipo de cambio para el agro.<\/p>\n<p>Por otro lado, Fernando Vilella, secretario de Agricultura de la Naci\u00f3n, tambi\u00e9n coment\u00f3 que\u00a0por el momento no est\u00e1 pensado subir retenciones al agro.<\/p>\n<p>Jos\u00e9 Luis Espert, economista y diputado por La Libertad Avanza se refiri\u00f3 a las retenciones y declar\u00f3 que<strong>\u00a0\u201ces rid\u00edculo lo que se est\u00e1 haciendo con el campo, porque se le pone un impuesto antes de vender\u201d.<\/strong>\u00a0El diputado areng\u00f3 al sector a \u201cluchar\u201d por la eliminaci\u00f3n del grav\u00e1men a la exportaci\u00f3n y contra el proteccionismo industrial. Al respecto, explic\u00f3 que su exposici\u00f3n se vincul\u00f3 a \u201cplanteos conceptuales, parte de toda la batalla cultural que est\u00e1 dando el presidente\u201d.<\/p>\n<\/div>\n<\/div>\n","protected":false},"excerpt":{"rendered":"<p>El Presidente hizo varias menciones en el d\u00eda que se cumplen 16 a\u00f1os del conflicto<\/p>\n","protected":false},"author":1,"featured_media":24024,"comment_status":"open","ping_status":"open","sticky":false,"template":"","format":"standard","meta":{"footnotes":""},"categories":[20],"tags":[],"class_list":["post-24023","post","type-post","status-publish","format-standard","has-post-thumbnail","hentry","category-actualidad"],"_links":{"self":[{"href":"https:\/\/informeagropecuario.com.ar\/index.php?rest_route=\/wp\/v2\/posts\/24023","targetHints":{"allow":["GET"]}}],"collection":[{"href":"https:\/\/informeagropecuario.com.ar\/index.php?rest_route=\/wp\/v2\/posts"}],"about":[{"href":"https:\/\/informeagropecuario.com.ar\/index.php?rest_route=\/wp\/v2\/types\/post"}],"author":[{"embeddable":true,"href":"https:\/\/informeagropecuario.com.ar\/index.php?rest_route=\/wp\/v2\/users\/1"}],"replies":[{"embeddable":true,"href":"https:\/\/informeagropecuario.com.ar\/index.php?rest_route=%2Fwp%2Fv2%2Fcomments&post=24023"}],"version-history":[{"count":1,"href":"https:\/\/informeagropecuario.com.ar\/index.php?rest_route=\/wp\/v2\/posts\/24023\/revisions"}],"predecessor-version":[{"id":24025,"href":"https:\/\/informeagropecuario.com.ar\/index.php?rest_route=\/wp\/v2\/posts\/24023\/revisions\/24025"}],"wp:featuredmedia":[{"embeddable":true,"href":"https:\/\/informeagropecuario.com.ar\/index.php?rest_route=\/wp\/v2\/media\/24024"}],"wp:attachment":[{"href":"https:\/\/informeagropecuario.com.ar\/index.php?rest_route=%2Fwp%2Fv2%2Fmedia&parent=24023"}],"wp:term":[{"taxonomy":"category","embeddable":true,"href":"https:\/\/informeagropecuario.com.ar\/index.php?rest_route=%2Fwp%2Fv2%2Fcategories&post=24023"},{"taxonomy":"post_tag","embeddable":true,"href":"https:\/\/informeagropecuario.com.ar\/index.php?rest_route=%2Fwp%2Fv2%2Ftags&post=24023"}],"curies":[{"name":"wp","href":"https:\/\/api.w.org\/{rel}","templated":true}]}}