{"id":24353,"date":"2024-05-24T18:06:08","date_gmt":"2024-05-24T21:06:08","guid":{"rendered":"http:\/\/informeagropecuario.com.ar\/?p=24353"},"modified":"2024-05-24T18:06:08","modified_gmt":"2024-05-24T21:06:08","slug":"milei-en-la-rural-prometio-eliminar-el-cepo-y-las-retenciones-para-que-el-campo-sea-totalmente-libre","status":"publish","type":"post","link":"https:\/\/informeagropecuario.com.ar\/?p=24353","title":{"rendered":"Milei en La Rural: prometi\u00f3 eliminar el cepo y las retenciones \u00abpara que el campo sea totalmente libre\u00bb"},"content":{"rendered":"<p>El Presidente pas\u00f3 por la Expo Angus 2024 y dej\u00f3 un mensaje para el sector: \u00abVamos a salir adelante, el campo va a tener un rol fundamental\u00bb.<!--more--><\/p>\n<div id=\"body-1\" class=\"body-1 mt-20\">\n<p><strong>Javier Milei<\/strong>\u00a0estuvo en la\u00a0Expo Angus de Oto\u00f1o, invitado por el presidente de la Sociedad Rural Argentina (SRA), Nicol\u00e1s Pino:\u00a0<strong>\u00abEs una clara se\u00f1al de apoyo a este sector que es tan importante en el pueblo argentino y para el futuro del pa\u00eds\u00bb, destac\u00f3 el Presidente en la pista central sobre su presencia.<\/strong><\/p>\n<h2>El mensaje de Javier Milei al campo<\/h2>\n<p>\u00abQuiero que tengan presente que as\u00ed como hemos trabajado en el mercado de cambios para terminar con la brecha, que en alg\u00fan momento puede tener una oscilaci\u00f3n con lo que est\u00e1 pasando, estamos trabajando fuertemente para eliminar el cepo\u00bb, destac\u00f3 Javier Milei desde La Rural de Palermo.<strong>\u00a0\u00abCuando terminemos de desactivar todas las bombas que nos dejaron los kirchneristas, va a haber tipo de cambio libre\u00bb, adelant\u00f3.<\/strong><\/p>\n<p>Inmediatamente, agreg\u00f3: \u00abEn la medida que se empiecen a recomponer las fuentes fiscales, y vuelva el crecimiento econ\u00f3mico, primero vamos a\u00a0eliminar el impuesto PAIS y despu\u00e9s le van a seguir las retenciones, para que el campo sea totalmente libre. Acorde a las cosas que promet\u00ed en la campa\u00f1a, las estamos cumpliendo. Estamos terminando de desactivar las bombas que nos dej\u00f3 el kirchnerismo, pero cr\u00e9anme que vamos a ser libres y vamos a salir adelante. El campo va a tener un rol fundamental\u00bb, agreg\u00f3.<\/p>\n<p>Y cerr\u00f3 tres gritos de<strong>\u00a0\u00abViva la libertad carajo!\u00bb.<\/strong><\/p>\n<\/div>\n<div id=\"body-2\">\n<div id=\"body-2\" class=\"body-2 mt-20\">\n<p>\u201cDentro de la tristeza profunda que vive el sector, la visita del Presidente de la Naci\u00f3n a la rural, en el marco de una\u00a0<strong>exposici\u00f3n ganadera de Angus<\/strong>, es un gesto que valoramos mucho todos los productores\u201d, dijo Nicol\u00e1s Pino, presidente de la Sociedad Rural Argentina (SRA), en el marco de la visita de Javier Milei.<\/p>\n<\/div>\n<\/div>\n<div id=\"body-3\">\n<div id=\"body-3\" class=\"body-3 mt-20\">\n<p>Javier Milei y la Secretaria General de la Presidencia, Karina Milei fueron recibidos por los presidentes de la SRA, Nicol\u00e1s Pino y de Angus, Alfonso Bustillo.<\/p>\n<p>Durante la jornada recorrieron la muestra y conversaron con productores de todo el pa\u00eds.<strong>\u00a0All\u00ed, el primer mandatario destac\u00f3 \u201cel compromiso y la pasi\u00f3n del hombre de campo\u201d. Tambi\u00e9n, particip\u00f3 de la entrega de premios de la asociaci\u00f3n de criadores a los grandes campeones.<\/strong><\/p>\n<p>\u00abPara Angus es muy importante que haya un presidente que reconozca que la ganader\u00eda es parte de la soluci\u00f3n a los problemas argentinos. Nos reconforta y nos alienta a seguir produciendo\u00bb,\u00a0<strong>sostuvo Bustillo.<\/strong><\/p>\n<\/div>\n<\/div>\n","protected":false},"excerpt":{"rendered":"<p>El Presidente pas\u00f3 por la Expo Angus 2024 y dej\u00f3 un mensaje para el sector:<\/p>\n","protected":false},"author":1,"featured_media":24354,"comment_status":"open","ping_status":"open","sticky":false,"template":"","format":"standard","meta":{"footnotes":""},"categories":[20],"tags":[],"class_list":["post-24353","post","type-post","status-publish","format-standard","has-post-thumbnail","hentry","category-actualidad"],"_links":{"self":[{"href":"https:\/\/informeagropecuario.com.ar\/index.php?rest_route=\/wp\/v2\/posts\/24353","targetHints":{"allow":["GET"]}}],"collection":[{"href":"https:\/\/informeagropecuario.com.ar\/index.php?rest_route=\/wp\/v2\/posts"}],"about":[{"href":"https:\/\/informeagropecuario.com.ar\/index.php?rest_route=\/wp\/v2\/types\/post"}],"author":[{"embeddable":true,"href":"https:\/\/informeagropecuario.com.ar\/index.php?rest_route=\/wp\/v2\/users\/1"}],"replies":[{"embeddable":true,"href":"https:\/\/informeagropecuario.com.ar\/index.php?rest_route=%2Fwp%2Fv2%2Fcomments&post=24353"}],"version-history":[{"count":1,"href":"https:\/\/informeagropecuario.com.ar\/index.php?rest_route=\/wp\/v2\/posts\/24353\/revisions"}],"predecessor-version":[{"id":24355,"href":"https:\/\/informeagropecuario.com.ar\/index.php?rest_route=\/wp\/v2\/posts\/24353\/revisions\/24355"}],"wp:featuredmedia":[{"embeddable":true,"href":"https:\/\/informeagropecuario.com.ar\/index.php?rest_route=\/wp\/v2\/media\/24354"}],"wp:attachment":[{"href":"https:\/\/informeagropecuario.com.ar\/index.php?rest_route=%2Fwp%2Fv2%2Fmedia&parent=24353"}],"wp:term":[{"taxonomy":"category","embeddable":true,"href":"https:\/\/informeagropecuario.com.ar\/index.php?rest_route=%2Fwp%2Fv2%2Fcategories&post=24353"},{"taxonomy":"post_tag","embeddable":true,"href":"https:\/\/informeagropecuario.com.ar\/index.php?rest_route=%2Fwp%2Fv2%2Ftags&post=24353"}],"curies":[{"name":"wp","href":"https:\/\/api.w.org\/{rel}","templated":true}]}}