{"id":24356,"date":"2024-05-24T18:10:05","date_gmt":"2024-05-24T21:10:05","guid":{"rendered":"http:\/\/informeagropecuario.com.ar\/?p=24356"},"modified":"2024-05-24T18:10:05","modified_gmt":"2024-05-24T21:10:05","slug":"una-nueva-ola-de-frio-en-buenos-aires-este-fin-de-semana","status":"publish","type":"post","link":"https:\/\/informeagropecuario.com.ar\/?p=24356","title":{"rendered":"\u00bfUna nueva ola de fr\u00edo en Buenos Aires este fin de semana?"},"content":{"rendered":"<p class=\"description mainfont\">Buenos Aires enfrenta temperaturas fr\u00edas este fin de semana, acerc\u00e1ndose a los umbrales de ola de fr\u00edo por primera vez desde 2013, seg\u00fan el pron\u00f3stico.<!--more--><\/p>\n<p>Despu\u00e9s de m\u00e1s de una d\u00e9cada sin experimentar condiciones severas de fr\u00edo,\u00a0<strong>Buenos Aires podr\u00eda enfrentar una\u00a0ola de fr\u00edo<\/strong>\u00a0este fin de semana. El t\u00e9rmino \u00abola de fr\u00edo\u00bb se refiere a una condici\u00f3n clim\u00e1tica donde las temperaturas m\u00ednimas y m\u00e1ximas igualan o son inferiores a los umbrales espec\u00edficos durante al menos tres d\u00edas consecutivos.<\/p>\n<p>La ciudad ha visto c\u00f3mo los\u00a0<strong>cambios clim\u00e1ticos globales y las islas de calor urbanas<\/strong>\u00a0han modificado sus patrones de invierno, haciendo casi desaparecer los crudos fr\u00edos que eran m\u00e1s frecuentes d\u00e9cadas atr\u00e1s. La \u00faltima vez que Buenos Aires experiment\u00f3 una ola de fr\u00edo fue en\u00a0<strong>agosto de 2013<\/strong>, lo que subraya la rareza de este fen\u00f3meno en tiempos recientes.<\/p>\n<p>El pron\u00f3stico para este fin de semana sugiere una\u00a0<strong>fuerte ca\u00edda de temperaturas<\/strong>, especialmente el s\u00e1bado, cuando se espera que las temperaturas m\u00ednimas oscilen entre\u00a0<strong>2 y 3 \u00b0C<\/strong>\u00a0y las m\u00e1ximas no superen los\u00a0<strong>11 \u00b0C<\/strong>. Aunque estas condiciones son indicativas de fr\u00edo extremo, es probable que no se cumpla el criterio de tres d\u00edas consecutivos necesario para clasificar oficialmente el evento como una ola de fr\u00edo.<\/p>\n<p>El\u00a0<strong>Servicio Meteorol\u00f3gico Nacional<\/strong>\u00a0destaca que, para Buenos Aires, la temperatura m\u00ednima debe ser igual o inferior a\u00a0<strong>3,8 \u00b0C<\/strong>\u00a0y la m\u00e1xima no debe superar los\u00a0<strong>12,7 \u00b0C<\/strong>\u00a0para considerarse ola de fr\u00edo. Este fin de semana, el domingo parece romper la secuencia necesaria para una ola de fr\u00edo ya que las temperaturas m\u00ednimas podr\u00edan ascender a\u00a0<strong>5-6 \u00b0C<\/strong>, aunque las m\u00e1ximas se mantendr\u00e1n bajas.<\/p>\n<p>A pesar de estos datos, el s\u00e1bado se espera que sea\u00a0<strong>el d\u00eda m\u00e1s fr\u00edo del a\u00f1o hasta la fecha<\/strong>, y los expertos recomiendan a los residentes tomar medidas preventivas ante las bajas temperaturas. La anticipaci\u00f3n de este fr\u00edo tambi\u00e9n ha reavivado los recuerdos de inviernos pasados, particularmente el de 2007, cuando se registr\u00f3 una nevada hist\u00f3rica.<\/p>\n<p>Este fen\u00f3meno, aunque breve, destaca c\u00f3mo incluso en un contexto de calentamiento global, eventos extremos pueden sorprender a la ciudad. A medida que nos adentramos en el invierno, las autoridades y los ciudadanos est\u00e1n alerta ante la posibilidad de m\u00e1s d\u00edas con temperaturas significativamente bajas.<\/p>\n<p>&nbsp;<\/p>\n","protected":false},"excerpt":{"rendered":"<p>Buenos Aires enfrenta temperaturas fr\u00edas este fin de semana, acerc\u00e1ndose a los umbrales de ola<\/p>\n","protected":false},"author":1,"featured_media":24358,"comment_status":"open","ping_status":"open","sticky":false,"template":"","format":"standard","meta":{"footnotes":""},"categories":[20],"tags":[],"class_list":["post-24356","post","type-post","status-publish","format-standard","has-post-thumbnail","hentry","category-actualidad"],"_links":{"self":[{"href":"https:\/\/informeagropecuario.com.ar\/index.php?rest_route=\/wp\/v2\/posts\/24356","targetHints":{"allow":["GET"]}}],"collection":[{"href":"https:\/\/informeagropecuario.com.ar\/index.php?rest_route=\/wp\/v2\/posts"}],"about":[{"href":"https:\/\/informeagropecuario.com.ar\/index.php?rest_route=\/wp\/v2\/types\/post"}],"author":[{"embeddable":true,"href":"https:\/\/informeagropecuario.com.ar\/index.php?rest_route=\/wp\/v2\/users\/1"}],"replies":[{"embeddable":true,"href":"https:\/\/informeagropecuario.com.ar\/index.php?rest_route=%2Fwp%2Fv2%2Fcomments&post=24356"}],"version-history":[{"count":1,"href":"https:\/\/informeagropecuario.com.ar\/index.php?rest_route=\/wp\/v2\/posts\/24356\/revisions"}],"predecessor-version":[{"id":24359,"href":"https:\/\/informeagropecuario.com.ar\/index.php?rest_route=\/wp\/v2\/posts\/24356\/revisions\/24359"}],"wp:featuredmedia":[{"embeddable":true,"href":"https:\/\/informeagropecuario.com.ar\/index.php?rest_route=\/wp\/v2\/media\/24358"}],"wp:attachment":[{"href":"https:\/\/informeagropecuario.com.ar\/index.php?rest_route=%2Fwp%2Fv2%2Fmedia&parent=24356"}],"wp:term":[{"taxonomy":"category","embeddable":true,"href":"https:\/\/informeagropecuario.com.ar\/index.php?rest_route=%2Fwp%2Fv2%2Fcategories&post=24356"},{"taxonomy":"post_tag","embeddable":true,"href":"https:\/\/informeagropecuario.com.ar\/index.php?rest_route=%2Fwp%2Fv2%2Ftags&post=24356"}],"curies":[{"name":"wp","href":"https:\/\/api.w.org\/{rel}","templated":true}]}}