{"id":24361,"date":"2024-05-27T14:30:16","date_gmt":"2024-05-27T17:30:16","guid":{"rendered":"http:\/\/informeagropecuario.com.ar\/?p=24361"},"modified":"2024-05-27T14:30:16","modified_gmt":"2024-05-27T17:30:16","slug":"puerto-quequen-capacita-su-personal-para-elevar-los-estandares-de-seguridad","status":"publish","type":"post","link":"https:\/\/informeagropecuario.com.ar\/?p=24361","title":{"rendered":"Puerto Quequ\u00e9n capacita su personal para elevar los est\u00e1ndares de seguridad"},"content":{"rendered":"<p>Con miras a continuar elevando los est\u00e1ndares de seguridad de la estaci\u00f3n mar\u00edtima, el Consorcio de Gesti\u00f3n de Puerto Quequ\u00e9n ha dispuesto la realizaci\u00f3n de los cursos de Oficiales de Protecci\u00f3n de Instalaciones Portuarias (OPIP) para el personal de la unidad de Acceso y Permanencia.<!--more--><\/p>\n<p>La presidenta del Ente portuario, Jimena L\u00f3pez, asegur\u00f3 que \u201cla inversi\u00f3n en la formaci\u00f3n de nuestro capital humano nos permitir\u00e1 marcar la diferencia en el mediano plazo\u201d.<\/p>\n<p>El trabajo del OPIP implica monitorear el tr\u00e1fico mar\u00edtimo y terrestre, identificar posibles amenazas y tomar medidas para prevenirlas. La labor es fundamental para garantizar la seguridad de los trabajadores, las mercanc\u00edas y la propia instalaci\u00f3n portuaria.<\/p>\n","protected":false},"excerpt":{"rendered":"<p>Con miras a continuar elevando los est\u00e1ndares de seguridad de la estaci\u00f3n mar\u00edtima, el Consorcio<\/p>\n","protected":false},"author":1,"featured_media":24362,"comment_status":"open","ping_status":"open","sticky":false,"template":"","format":"standard","meta":{"footnotes":""},"categories":[20],"tags":[],"class_list":["post-24361","post","type-post","status-publish","format-standard","has-post-thumbnail","hentry","category-actualidad"],"_links":{"self":[{"href":"https:\/\/informeagropecuario.com.ar\/index.php?rest_route=\/wp\/v2\/posts\/24361","targetHints":{"allow":["GET"]}}],"collection":[{"href":"https:\/\/informeagropecuario.com.ar\/index.php?rest_route=\/wp\/v2\/posts"}],"about":[{"href":"https:\/\/informeagropecuario.com.ar\/index.php?rest_route=\/wp\/v2\/types\/post"}],"author":[{"embeddable":true,"href":"https:\/\/informeagropecuario.com.ar\/index.php?rest_route=\/wp\/v2\/users\/1"}],"replies":[{"embeddable":true,"href":"https:\/\/informeagropecuario.com.ar\/index.php?rest_route=%2Fwp%2Fv2%2Fcomments&post=24361"}],"version-history":[{"count":1,"href":"https:\/\/informeagropecuario.com.ar\/index.php?rest_route=\/wp\/v2\/posts\/24361\/revisions"}],"predecessor-version":[{"id":24363,"href":"https:\/\/informeagropecuario.com.ar\/index.php?rest_route=\/wp\/v2\/posts\/24361\/revisions\/24363"}],"wp:featuredmedia":[{"embeddable":true,"href":"https:\/\/informeagropecuario.com.ar\/index.php?rest_route=\/wp\/v2\/media\/24362"}],"wp:attachment":[{"href":"https:\/\/informeagropecuario.com.ar\/index.php?rest_route=%2Fwp%2Fv2%2Fmedia&parent=24361"}],"wp:term":[{"taxonomy":"category","embeddable":true,"href":"https:\/\/informeagropecuario.com.ar\/index.php?rest_route=%2Fwp%2Fv2%2Fcategories&post=24361"},{"taxonomy":"post_tag","embeddable":true,"href":"https:\/\/informeagropecuario.com.ar\/index.php?rest_route=%2Fwp%2Fv2%2Ftags&post=24361"}],"curies":[{"name":"wp","href":"https:\/\/api.w.org\/{rel}","templated":true}]}}