{"id":24364,"date":"2024-05-28T10:23:33","date_gmt":"2024-05-28T13:23:33","guid":{"rendered":"http:\/\/informeagropecuario.com.ar\/?p=24364"},"modified":"2024-05-28T10:23:33","modified_gmt":"2024-05-28T13:23:33","slug":"gonzalez-chavez-mal-estado-de-los-caminos-realizan-asamblea","status":"publish","type":"post","link":"https:\/\/informeagropecuario.com.ar\/?p=24364","title":{"rendered":"Gonz\u00e1lez Chavez: Mal estado de los caminos realizan asamblea"},"content":{"rendered":"<p class=\"description mainfont\">Este martes 28 de mayo a las 19.30 horas se llevar\u00e1 a cabo una reuni\u00f3n en la Liga de Comercio de la localidad bonaerense, a la que se convoca a participar a productores y sectores rurales.<!--more--><\/p>\n<p>Este martes 28 de mayo a las 19.30 horas se llevar\u00e1 a cabo una reuni\u00f3n en la Liga de Comercio de Adolfo Gonzales Chaves, a la que se convoca a participar a productores y sectores rurales. La sede de la mencionada entidad chavense se encuentra ubicada en Maip\u00fa 155.<\/p>\n<div class=\"zone \">\n<div class=\"piece banner standard\">\n<div id=\"adbanner\" class=\"adbanner\" data-type=\"dfp\">\n<div id=\"banner_nota_inline_300x250_1\" data-dfp-banner-display=\"1\" data-dfp-path=\"\/22743187477\/banner_nota_inline_300x250_1\" data-dfp-type=\"banner_nota_inline_300x250\" data-dfp-id=\"banner_nota_inline_300x250_1\" data-google-query-id=\"CPL_69a3sIYDFVFb3QIdo-kLpA\">\n<div id=\"google_ads_iframe_\/22743187477\/banner_nota_inline_300x250_1_0__container__\">Dieron a conocer que \u00abtrataremos sobre caminos rurales, estado de rutas e impuestos inmobiliarios\u00bb. Invitan especialmente a \u00abempleados rurales, contratistas, camioneros y docentes\u00bb.<\/div>\n<\/div>\n<\/div>\n<\/div>\n<\/div>\n<p>Participar\u00e1 del encuentro el dirigente ruralista y senador nacional Alfredo de Angeli. Subrayaron que \u00ab\u00a1tu participaci\u00f3n es crucial!\u00bb.<\/p>\n<p>En la localidad los caminos est\u00e1n severamente deteriorados y sin mantenimiento, los productores rurales denuncian una situaci\u00f3n que se ha perpetuado durante los \u00faltimos 12 a\u00f1os. A diferencia de otros partidos de la regi\u00f3n, esta comunidad enfrenta una crisis de infraestructura que afecta gravemente sus actividades econ\u00f3micas.<\/p>\n<p>Los caminos intransitables no son un problema reciente. Seg\u00fan los productores, la falta de atenci\u00f3n a la infraestructura vial ha sido una constante durante m\u00e1s de una d\u00e9cada. Esta problem\u00e1tica se ha visto agravada por las pol\u00edticas de los \u00faltimos gobiernos provinciales, que han intensificado la divisi\u00f3n pol\u00edtica, situaci\u00f3n que, seg\u00fan los productores, favorece a ciertos sectores pero deja de lado las necesidades rurales.<\/p>\n<p>La falta de mantenimiento de los caminos representa un riesgo inminente, especialmente ante la llegada de la temporada de lluvias. Los productores advierten que, de continuar las precipitaciones, ser\u00e1 imposible trasladar mercader\u00eda y hacienda, lo que podr\u00eda paralizar la econom\u00eda local y aislar a\u00fan m\u00e1s a la comunidad.<\/p>\n","protected":false},"excerpt":{"rendered":"<p>Este martes 28 de mayo a las 19.30 horas se llevar\u00e1 a cabo una reuni\u00f3n<\/p>\n","protected":false},"author":1,"featured_media":24366,"comment_status":"open","ping_status":"open","sticky":false,"template":"","format":"standard","meta":{"footnotes":""},"categories":[20],"tags":[],"class_list":["post-24364","post","type-post","status-publish","format-standard","has-post-thumbnail","hentry","category-actualidad"],"_links":{"self":[{"href":"https:\/\/informeagropecuario.com.ar\/index.php?rest_route=\/wp\/v2\/posts\/24364","targetHints":{"allow":["GET"]}}],"collection":[{"href":"https:\/\/informeagropecuario.com.ar\/index.php?rest_route=\/wp\/v2\/posts"}],"about":[{"href":"https:\/\/informeagropecuario.com.ar\/index.php?rest_route=\/wp\/v2\/types\/post"}],"author":[{"embeddable":true,"href":"https:\/\/informeagropecuario.com.ar\/index.php?rest_route=\/wp\/v2\/users\/1"}],"replies":[{"embeddable":true,"href":"https:\/\/informeagropecuario.com.ar\/index.php?rest_route=%2Fwp%2Fv2%2Fcomments&post=24364"}],"version-history":[{"count":1,"href":"https:\/\/informeagropecuario.com.ar\/index.php?rest_route=\/wp\/v2\/posts\/24364\/revisions"}],"predecessor-version":[{"id":24367,"href":"https:\/\/informeagropecuario.com.ar\/index.php?rest_route=\/wp\/v2\/posts\/24364\/revisions\/24367"}],"wp:featuredmedia":[{"embeddable":true,"href":"https:\/\/informeagropecuario.com.ar\/index.php?rest_route=\/wp\/v2\/media\/24366"}],"wp:attachment":[{"href":"https:\/\/informeagropecuario.com.ar\/index.php?rest_route=%2Fwp%2Fv2%2Fmedia&parent=24364"}],"wp:term":[{"taxonomy":"category","embeddable":true,"href":"https:\/\/informeagropecuario.com.ar\/index.php?rest_route=%2Fwp%2Fv2%2Fcategories&post=24364"},{"taxonomy":"post_tag","embeddable":true,"href":"https:\/\/informeagropecuario.com.ar\/index.php?rest_route=%2Fwp%2Fv2%2Ftags&post=24364"}],"curies":[{"name":"wp","href":"https:\/\/api.w.org\/{rel}","templated":true}]}}