{"id":24371,"date":"2024-05-28T15:51:13","date_gmt":"2024-05-28T18:51:13","guid":{"rendered":"http:\/\/informeagropecuario.com.ar\/?p=24371"},"modified":"2024-05-28T15:51:13","modified_gmt":"2024-05-28T18:51:13","slug":"comenzo-la-siembra-de-trigo-y-sin-mayores-retrasos-las-reservas-de-humedad-son-favorables","status":"publish","type":"post","link":"https:\/\/informeagropecuario.com.ar\/?p=24371","title":{"rendered":"Comenz\u00f3 la siembra de trigo y sin mayores retrasos: las reservas de humedad son favorables"},"content":{"rendered":"<p class=\"description mainfont\">El inicio no es generalizado, pero s\u00ed avanza a buen ritmo la siembra temprana de trigo; las perspectivas para esta campa\u00f1a son positivas.<!--more--><\/p>\n<p>Las\u00a0<strong>lluvias de abril<\/strong>\u00a0dejaron un buen escenario para la campa\u00f1a fina. Los productores ya comenzaron a sembrar para aprovechar la humedad y hay un avance importante. La\u00a0<strong>Oficina de Riesgo Agropecuario\u00a0(ORA)<\/strong>\u00a0inform\u00f3 que ya comenzaron las primeras siembras tempranas de trigo. No hay retrasos y hay mejores\u00a0<strong>reservas h\u00eddricas<\/strong>\u00a0en comparaci\u00f3n con los a\u00f1os anteriores.<\/p>\n<p>\u00abGenera expectativas favorables para esta etapa inicial de la fina. Si bien existen algunos factores no tan favorables en otros aspectos, la\u00a0<strong>disponibilidad de agua inicial<\/strong>\u00a0y la perspectiva de un\u00a0<strong>periodo neutral en invierno<\/strong>\u00a0conformar\u00edan un aliciente para la decisi\u00f3n de un arranque temprano\u00bb, inform\u00f3 la ORA.<\/p>\n<p>La disponibilidad de agua para el trigo temprano es adecuada en relaci\u00f3n con el mapa. \u00abSeg\u00fan la posici\u00f3n geogr\u00e1fica, en algunas zonas ya se inici\u00f3 la siembra y en otras todav\u00eda no. Se trata de promedios de los resultados hallados en las diferentes unidades de suelo de cada departamento o partido\u00bb, destac\u00f3 el informe. El mapa muestra \u00e1reas con excesos que se concentran en la provincia de\u00a0<strong>Entre R\u00edos<\/strong>, donde se han dado \u00faltimamente lluvias no tan intensas, pero s\u00ed frecuentes, que mantienen elevados los almacenajes en una \u00e9poca del a\u00f1o donde la evapotranspiraci\u00f3n es baja.<\/p>\n<figure class=\"vsmimage\" contenteditable=\"false\"><img fetchpriority=\"high\" decoding=\"async\" id=\"imgv22084v50\" src=\"https:\/\/www.agrolatam.com\/files\/image\/54\/54704\/6655fdd873efd.png\" width=\"490\" height=\"703\" data-vsmid=\"54704\" data-owidth=\"490\" data-oheight=\"703\" \/><\/figure>\n<p>\u00abDesde la delegaci\u00f3n Rosario del Tala se inform\u00f3 el inicio de la siembra con\u00a0<strong>variedades de ciclo largo<\/strong>\u00a0en muy pocos lotes aislados, dado el fuerte retraso en la cosecha de gruesa, estim\u00e1ndose que se intensificar\u00e1 en el mes de junio. En\u00a0<strong>Santa Fe<\/strong>\u00a0se avanza m\u00e1s, sobre todo en el norte provincial, pero tambi\u00e9n en el departamento\u00a0<strong>General L\u00f3pez<\/strong>, donde ya se super\u00f3 el\u00a0<strong>5 %<\/strong>\u00ab, se\u00f1al\u00f3 la ORA.<\/p>\n<p>En\u00a0<strong>C\u00f3rdoba<\/strong>, las condiciones h\u00eddricas son apropiadas. La ORA coment\u00f3 que la implantaci\u00f3n, en la zona de la delegaci\u00f3n\u00a0<strong>Marcos Ju\u00e1rez<\/strong>, sigue con mayor impulso. Tambi\u00e9n avanzan las tareas en la zona de\u00a0<strong>San Francisco<\/strong>.<\/p>\n<p><strong>Buenos Aires<\/strong>\u00a0inici\u00f3 la siembra en lotes puntuales y la ORA sostuvo que es inminente el inicio de las tareas de siembra generalizada. Al momento se observa la preparaci\u00f3n de lotes y equipos de siembra.<\/p>\n<p>\u00abDadas las altas probabilidades del inicio de un nuevo ciclo\u00a0<strong>La Ni\u00f1a<\/strong>\u00a0a partir de la primavera, se explicar\u00eda un \u00e9nfasis en la inclinaci\u00f3n hacia cultivos de fina, ya que son los menos impactados en general por el desarrollo de este fen\u00f3meno, m\u00e1s tradicionalmente asociado con escasez de precipitaciones en verano\u00bb, destac\u00f3 la ORA.<\/p>\n<p>&nbsp;<\/p>\n<p>&nbsp;<\/p>\n<p>&nbsp;<\/p>\n<p>&nbsp;<\/p>\n<p>&nbsp;<\/p>\n<p>&nbsp;<\/p>\n<p>&nbsp;<\/p>\n<p>&nbsp;<\/p>\n<p>&nbsp;<\/p>\n<p>&nbsp;<\/p>\n<p>&nbsp;<\/p>\n<p>&nbsp;<\/p>\n<p>&nbsp;<\/p>\n<p>&nbsp;<\/p>\n<p>&nbsp;<\/p>\n<p>&nbsp;<\/p>\n<p>&nbsp;<\/p>\n<p>&nbsp;<\/p>\n<p>&nbsp;<\/p>\n<p>&nbsp;<\/p>\n<p>&nbsp;<\/p>\n<p>&nbsp;<\/p>\n<p>&nbsp;<\/p>\n<p>&nbsp;<\/p>\n<p>&nbsp;<\/p>\n<p>&nbsp;<\/p>\n<p>&nbsp;<\/p>\n<p>&nbsp;<\/p>\n<p>&nbsp;<\/p>\n<p>&nbsp;<\/p>\n<p>&nbsp;<\/p>\n<pre>Agrolatam.com<\/pre>\n<div class=\"zone \">\n<div class=\"piece banner standard\">\n<div id=\"adbanner\" class=\"adbanner\" data-type=\"dfp\">\n<div id=\"banner_nota_inline_300x250_1\" data-dfp-banner-display=\"1\" data-dfp-path=\"\/22743187477\/banner_nota_inline_300x250_1\" data-dfp-type=\"banner_nota_inline_300x250\" data-dfp-id=\"banner_nota_inline_300x250_1\" data-google-query-id=\"CNnryJmBsYYDFZRb3QIdpJYCHg\"><\/div>\n<\/div>\n<\/div>\n<\/div>\n","protected":false},"excerpt":{"rendered":"<p>El inicio no es generalizado, pero s\u00ed avanza a buen ritmo la siembra temprana de<\/p>\n","protected":false},"author":1,"featured_media":24372,"comment_status":"open","ping_status":"open","sticky":false,"template":"","format":"standard","meta":{"footnotes":""},"categories":[20],"tags":[],"class_list":["post-24371","post","type-post","status-publish","format-standard","has-post-thumbnail","hentry","category-actualidad"],"_links":{"self":[{"href":"https:\/\/informeagropecuario.com.ar\/index.php?rest_route=\/wp\/v2\/posts\/24371","targetHints":{"allow":["GET"]}}],"collection":[{"href":"https:\/\/informeagropecuario.com.ar\/index.php?rest_route=\/wp\/v2\/posts"}],"about":[{"href":"https:\/\/informeagropecuario.com.ar\/index.php?rest_route=\/wp\/v2\/types\/post"}],"author":[{"embeddable":true,"href":"https:\/\/informeagropecuario.com.ar\/index.php?rest_route=\/wp\/v2\/users\/1"}],"replies":[{"embeddable":true,"href":"https:\/\/informeagropecuario.com.ar\/index.php?rest_route=%2Fwp%2Fv2%2Fcomments&post=24371"}],"version-history":[{"count":1,"href":"https:\/\/informeagropecuario.com.ar\/index.php?rest_route=\/wp\/v2\/posts\/24371\/revisions"}],"predecessor-version":[{"id":24373,"href":"https:\/\/informeagropecuario.com.ar\/index.php?rest_route=\/wp\/v2\/posts\/24371\/revisions\/24373"}],"wp:featuredmedia":[{"embeddable":true,"href":"https:\/\/informeagropecuario.com.ar\/index.php?rest_route=\/wp\/v2\/media\/24372"}],"wp:attachment":[{"href":"https:\/\/informeagropecuario.com.ar\/index.php?rest_route=%2Fwp%2Fv2%2Fmedia&parent=24371"}],"wp:term":[{"taxonomy":"category","embeddable":true,"href":"https:\/\/informeagropecuario.com.ar\/index.php?rest_route=%2Fwp%2Fv2%2Fcategories&post=24371"},{"taxonomy":"post_tag","embeddable":true,"href":"https:\/\/informeagropecuario.com.ar\/index.php?rest_route=%2Fwp%2Fv2%2Ftags&post=24371"}],"curies":[{"name":"wp","href":"https:\/\/api.w.org\/{rel}","templated":true}]}}