{"id":24394,"date":"2024-06-05T19:03:18","date_gmt":"2024-06-05T22:03:18","guid":{"rendered":"http:\/\/informeagropecuario.com.ar\/?p=24394"},"modified":"2024-06-05T19:03:18","modified_gmt":"2024-06-05T22:03:18","slug":"puerto-quequen-presento-su-agenda-verde","status":"publish","type":"post","link":"https:\/\/informeagropecuario.com.ar\/?p=24394","title":{"rendered":"Puerto Quequ\u00e9n present\u00f3 su Agenda Verde"},"content":{"rendered":"<div class=\"xdj266r x11i5rnm xat24cr x1mh8g0r x1vvkbs x126k92a\">\n<div dir=\"auto\"><\/div>\n<\/div>\n<div class=\"x11i5rnm xat24cr x1mh8g0r x1vvkbs xtlvy1s x126k92a\">\n<div dir=\"auto\">El mi\u00e9rcoles 5 de junio, en ocasi\u00f3n de la conmemoraci\u00f3n del D\u00eda Mundial del Ambiente, el Consorcio de Gesti\u00f3n de Puerto Quequ\u00e9n present\u00f3 su Agenda Verde.<\/div>\n<\/div>\n<div class=\"x11i5rnm xat24cr x1mh8g0r x1vvkbs xtlvy1s x126k92a\">\n<div dir=\"auto\">La presidenta del Ente portuario, Lic. Jimena L\u00f3pez, afirm\u00f3 que \u201cel proyecto de sostenibilidad portuaria es parte de nuestra funci\u00f3n como Consorcio de poder generar una reparaci\u00f3n del ambiente que ocupamos y mitigar el impacto de la actividad\u00bb.<\/div>\n<\/div>\n<p><!--more--><\/p>\n<div class=\"x11i5rnm xat24cr x1mh8g0r x1vvkbs xtlvy1s x126k92a\">\n<div dir=\"auto\">En el marco del ODS 13 de Acci\u00f3n por el Clima, \u00abse llevar\u00e1 a cabo un plan de forestaci\u00f3n como herramienta para la mitigaci\u00f3n del cambio clim\u00e1tico a trav\u00e9s del c\u00e1lculo, reducci\u00f3n y compensaci\u00f3n voluntaria de la huella de carbono\u00bb, explic\u00f3 la Lic. Gabriela Cevasco, representante del \u00e1rea de Ambiente del C.G.P.Q.<\/div>\n<\/div>\n<div class=\"x11i5rnm xat24cr x1mh8g0r x1vvkbs xtlvy1s x126k92a\">\n<div dir=\"auto\">Durante la primera etapa se considera la forestaci\u00f3n de la plaza 3 de Agosto, con la plantaci\u00f3n estimada de 140 \u00e1rboles y un presupuesto inicial de $ 5.447.000.<\/div>\n<\/div>\n<div class=\"x11i5rnm xat24cr x1mh8g0r x1vvkbs xtlvy1s x126k92a\">\n<div dir=\"auto\">Las aproximadamente 15 especies se han seleccionado con especialistas forestales teniendo en cuenta la alta variabilidad clim\u00e1tica de los sectores.<\/div>\n<\/div>\n<div class=\"x11i5rnm xat24cr x1mh8g0r x1vvkbs xtlvy1s x126k92a\">\n<div dir=\"auto\">Mientras tanto se eval\u00faa la forestaci\u00f3n de otros espacios p\u00fablicos de Quequ\u00e9n.<\/div>\n<\/div>\n<div class=\"x11i5rnm xat24cr x1mh8g0r x1vvkbs xtlvy1s x126k92a\">\n<div dir=\"auto\">El referente del programa Puerto-Ciudad del Consorcio, Camilo Vidal, remarc\u00f3 que \u00abla gesti\u00f3n tiene una marcada responsabilidad social de cara a la comunidad\u00bb.<\/div>\n<\/div>\n<div class=\"x11i5rnm xat24cr x1mh8g0r x1vvkbs xtlvy1s x126k92a\">\n<div dir=\"auto\">Asimismo, se instalar\u00e1n carteles educativos sobre las especies plantadas y los beneficios de los \u00e1rboles para el ambiente, a fin de generar conciencia en el cuidado y sobre la importancia de los mismos.<\/div>\n<\/div>\n<div class=\"x11i5rnm xat24cr x1mh8g0r x1vvkbs xtlvy1s x126k92a\">\n<div dir=\"auto\">La Lic. Cevasco resalt\u00f3: \u00abSomos la generaci\u00f3n presente pensando en la generaci\u00f3n futura\u00bb.<\/div>\n<\/div>\n","protected":false},"excerpt":{"rendered":"<p>El mi\u00e9rcoles 5 de junio, en ocasi\u00f3n de la conmemoraci\u00f3n del D\u00eda Mundial del Ambiente,<\/p>\n","protected":false},"author":1,"featured_media":24395,"comment_status":"open","ping_status":"open","sticky":false,"template":"","format":"standard","meta":{"footnotes":""},"categories":[20],"tags":[],"class_list":["post-24394","post","type-post","status-publish","format-standard","has-post-thumbnail","hentry","category-actualidad"],"_links":{"self":[{"href":"https:\/\/informeagropecuario.com.ar\/index.php?rest_route=\/wp\/v2\/posts\/24394","targetHints":{"allow":["GET"]}}],"collection":[{"href":"https:\/\/informeagropecuario.com.ar\/index.php?rest_route=\/wp\/v2\/posts"}],"about":[{"href":"https:\/\/informeagropecuario.com.ar\/index.php?rest_route=\/wp\/v2\/types\/post"}],"author":[{"embeddable":true,"href":"https:\/\/informeagropecuario.com.ar\/index.php?rest_route=\/wp\/v2\/users\/1"}],"replies":[{"embeddable":true,"href":"https:\/\/informeagropecuario.com.ar\/index.php?rest_route=%2Fwp%2Fv2%2Fcomments&post=24394"}],"version-history":[{"count":1,"href":"https:\/\/informeagropecuario.com.ar\/index.php?rest_route=\/wp\/v2\/posts\/24394\/revisions"}],"predecessor-version":[{"id":24396,"href":"https:\/\/informeagropecuario.com.ar\/index.php?rest_route=\/wp\/v2\/posts\/24394\/revisions\/24396"}],"wp:featuredmedia":[{"embeddable":true,"href":"https:\/\/informeagropecuario.com.ar\/index.php?rest_route=\/wp\/v2\/media\/24395"}],"wp:attachment":[{"href":"https:\/\/informeagropecuario.com.ar\/index.php?rest_route=%2Fwp%2Fv2%2Fmedia&parent=24394"}],"wp:term":[{"taxonomy":"category","embeddable":true,"href":"https:\/\/informeagropecuario.com.ar\/index.php?rest_route=%2Fwp%2Fv2%2Fcategories&post=24394"},{"taxonomy":"post_tag","embeddable":true,"href":"https:\/\/informeagropecuario.com.ar\/index.php?rest_route=%2Fwp%2Fv2%2Ftags&post=24394"}],"curies":[{"name":"wp","href":"https:\/\/api.w.org\/{rel}","templated":true}]}}