{"id":24397,"date":"2024-06-06T17:24:48","date_gmt":"2024-06-06T20:24:48","guid":{"rendered":"http:\/\/informeagropecuario.com.ar\/?p=24397"},"modified":"2024-06-06T17:24:48","modified_gmt":"2024-06-06T20:24:48","slug":"milei-anticipo-en-agroactiva-que-eliminara-las-retenciones-cuando-se-consolide-el-superavit-fiscal","status":"publish","type":"post","link":"https:\/\/informeagropecuario.com.ar\/?p=24397","title":{"rendered":"Milei anticip\u00f3 en Agroactiva que eliminar\u00e1 las retenciones cuando se consolide el super\u00e1vit fiscal"},"content":{"rendered":"<p>El presidente brind\u00f3 un discurso en una de las carpas de la exposici\u00f3n en Armstrong provincia de Santa Fe.<!--more--><\/p>\n<div class=\"article-body\">\n<p><strong>Javier Milei\u00a0<\/strong>lleg\u00f3 este jueves por primera vez a Santa Fe desde que asumi\u00f3 la presidencia para participar de\u00a0<strong>Agroactiva 2024<\/strong>. El economista libertario fue recibido con gran expectativa en la tradicional muestra del campo, donde dio un discurso frente a un grupo de empresarios y figuras de la pol\u00edtica.<\/p>\n<\/div>\n<div class=\"article-body\">\n<p>All\u00ed hizo referencia a uno de los temas que m\u00e1s importa en el campo:\u00a0<strong>cu\u00e1ndo se eliminan o bajan las retenciones.\u00a0<\/strong>Como lo hizo en recientes apariciones, el jefe del Estado ratific\u00f3 que el objetivo es sacarlas, pero\u00a0<strong>at\u00f3 esta posibilidad a que se consolide el super\u00e1vit .<\/strong><\/p>\n<\/div>\n<div class=\"article-body\">\n<p>Acompa\u00f1ado por el economista, diputado nacional y productor agropecuario\u00a0<strong>Jos\u00e9 Luis Espert<\/strong>, como ocurri\u00f3 en Expo Agro, el presidente habl\u00f3 en una de las carpas del evento. Desde la localidad de Armstrong,\u00a0<strong>defendi\u00f3 la baja de la inflaci\u00f3n y volvi\u00f3 a apuntar contra \u00ablos gerentes de la pobreza\u00bb.\u00a0<\/strong>Tambi\u00e9n confirm\u00f3 que renunciar\u00e1 a la jubilaci\u00f3n de privilegio.<\/p>\n<\/div>\n<div class=\"article-body\">\n<p>Por otra parte, el jefe de Estado tambi\u00e9n subray\u00f3 que<strong>\u00a0cuando empiece a crecer la econom\u00eda, eliminar\u00e1 impuestos, entre ellos las retenciones, el impuesto pa\u00eds y el impuesto a los d\u00e9bitos y cr\u00e9ditos bancarios.<\/strong><\/p>\n<\/div>\n<div class=\"article-body\">\n<p><strong>\u00abNo voy a entregar el d\u00e9ficit cero de ninguna manera y si buscaran el mecanismo para seguir rompiendo el d\u00e9ficit fiscal, voy a seguir bajando el gasto p\u00fablico hasta que le duela a la pol\u00edtica\u00bb, afirm\u00f3.<\/strong><\/p>\n<p>Milei insisti\u00f3 con su teor\u00eda de que\u00a0<strong>el pa\u00eds iba rumbo a una hiperinflaci\u00f3n, con \u00edndices que caminaban a un 17.000% anual\u00a0<\/strong>y consider\u00f3 que haberlo bajado como lo hicieron es hist\u00f3rico. \u00abMe revienta tener este nivel de inflaci\u00f3n pero convengamos que venimos del 17.000 % y lograr una baja al 50% no hay registros hist\u00f3ricos de haber hecho algo as\u00ed\u00bb, se\u00f1al\u00f3.<\/p>\n<p>En otro tramo de su discurso, consider\u00f3 que\u00a0<strong>\u00abla econom\u00eda est\u00e1 rebotando y va a rebotar fuerte\u00bb<\/strong>, al tiempo que insisti\u00f3 con sus cr\u00edticas a la oposici\u00f3n. \u00abSi hoy a pesar de haber hecho el ajuste m\u00e1s grande la humanidad, mi imagen sigue estando en los niveles cuando asumimos, si la intenci\u00f3n de voto est\u00e1 en orden del 55% con lo cual en una elecci\u00f3n general ganar\u00edamos en primera vuelta, por eso\u00a0<strong>los chorros y la casta tiene miedo y lo \u00fanico que quieren es sabotear al gobierno<\/strong>\u00ab, dijo el l\u00edder de La Libertad Avanza.<\/p>\n<p>Desde Agroactiva, volvi\u00f3 a apuntar contra los legisladores y se refiri\u00f3 a ellos como\u00a0<strong>\u00ablos degenerados fiscales que est\u00e1n en el Congreso\u00bb<\/strong>. \u00abEl d\u00f3lar es un precio m\u00e1s de la econom\u00eda. \u00bfPor qu\u00e9 sube el d\u00f3lar? \u00bfHay lugar para que caiga la demanda de dinero? La verdad que no. \u00bfTiene que ver con la oferta? No, si no estamos emitiendo. B\u00e1sicamente pasa por culpa de los degenerados fiscales que est\u00e1n en el Congreso\u00bb, sentenci\u00f3 Milei.<\/p>\n<div id=\"ad-slot-inread_d\" class=\"ad-slot-inread ad-slot\" data-adtype=\"inread\" data-google-query-id=\"CJaZktvmx4YDFQmxlQIdyE0SBg\">\n<div id=\"google_ads_iframe_\/21912588402\/lacapital\/nota_inread_d_0__container__\"><\/div>\n<\/div>\n<p>&nbsp;<\/p>\n<div id=\"10201252-Libre-355765829_wrap\" class=\"embed_cont type_imagen\" contenteditable=\"false\"><\/div>\n<\/div>\n<p>&nbsp;<\/p>\n","protected":false},"excerpt":{"rendered":"<p>El presidente brind\u00f3 un discurso en una de las carpas de la exposici\u00f3n en Armstrong<\/p>\n","protected":false},"author":1,"featured_media":24398,"comment_status":"open","ping_status":"open","sticky":false,"template":"","format":"standard","meta":{"footnotes":""},"categories":[20],"tags":[],"class_list":["post-24397","post","type-post","status-publish","format-standard","has-post-thumbnail","hentry","category-actualidad"],"_links":{"self":[{"href":"https:\/\/informeagropecuario.com.ar\/index.php?rest_route=\/wp\/v2\/posts\/24397","targetHints":{"allow":["GET"]}}],"collection":[{"href":"https:\/\/informeagropecuario.com.ar\/index.php?rest_route=\/wp\/v2\/posts"}],"about":[{"href":"https:\/\/informeagropecuario.com.ar\/index.php?rest_route=\/wp\/v2\/types\/post"}],"author":[{"embeddable":true,"href":"https:\/\/informeagropecuario.com.ar\/index.php?rest_route=\/wp\/v2\/users\/1"}],"replies":[{"embeddable":true,"href":"https:\/\/informeagropecuario.com.ar\/index.php?rest_route=%2Fwp%2Fv2%2Fcomments&post=24397"}],"version-history":[{"count":1,"href":"https:\/\/informeagropecuario.com.ar\/index.php?rest_route=\/wp\/v2\/posts\/24397\/revisions"}],"predecessor-version":[{"id":24399,"href":"https:\/\/informeagropecuario.com.ar\/index.php?rest_route=\/wp\/v2\/posts\/24397\/revisions\/24399"}],"wp:featuredmedia":[{"embeddable":true,"href":"https:\/\/informeagropecuario.com.ar\/index.php?rest_route=\/wp\/v2\/media\/24398"}],"wp:attachment":[{"href":"https:\/\/informeagropecuario.com.ar\/index.php?rest_route=%2Fwp%2Fv2%2Fmedia&parent=24397"}],"wp:term":[{"taxonomy":"category","embeddable":true,"href":"https:\/\/informeagropecuario.com.ar\/index.php?rest_route=%2Fwp%2Fv2%2Fcategories&post=24397"},{"taxonomy":"post_tag","embeddable":true,"href":"https:\/\/informeagropecuario.com.ar\/index.php?rest_route=%2Fwp%2Fv2%2Ftags&post=24397"}],"curies":[{"name":"wp","href":"https:\/\/api.w.org\/{rel}","templated":true}]}}