{"id":24406,"date":"2024-06-07T14:45:52","date_gmt":"2024-06-07T17:45:52","guid":{"rendered":"http:\/\/informeagropecuario.com.ar\/?p=24406"},"modified":"2024-06-07T15:07:16","modified_gmt":"2024-06-07T18:07:16","slug":"el-consorcio-de-gestion-de-puerto-quequen-dona-una-combi-al-sistema-salud-local","status":"publish","type":"post","link":"https:\/\/informeagropecuario.com.ar\/?p=24406","title":{"rendered":"El Consorcio de Gesti\u00f3n de Puerto Quequ\u00e9n dona una combi al sistema salud local"},"content":{"rendered":"<p>La presidenta del Consorcio de Gesti\u00f3n de Puerto Quequ\u00e9n, Lic. Jimena L\u00f3pez, y el Intendente municipal del Distrito de Necochea, Dr. Arturo Rojas, celebraron un acuerdo de colaboraci\u00f3n mediante el cual, el ente portuario don\u00f3 al ejecutivo municipal una combi.<!--more--><\/p>\n<p><img fetchpriority=\"high\" decoding=\"async\" class=\"alignnone size-medium wp-image-24413\" src=\"https:\/\/informeagropecuario.com.ar\/wp-content\/uploads\/2024\/06\/1-2-300x235.jpeg\" alt=\"\" width=\"300\" height=\"235\" srcset=\"https:\/\/informeagropecuario.com.ar\/wp-content\/uploads\/2024\/06\/1-2-300x235.jpeg 300w, https:\/\/informeagropecuario.com.ar\/wp-content\/uploads\/2024\/06\/1-2-768x601.jpeg 768w, https:\/\/informeagropecuario.com.ar\/wp-content\/uploads\/2024\/06\/1-2-1024x802.jpeg 1024w, https:\/\/informeagropecuario.com.ar\/wp-content\/uploads\/2024\/06\/1-2-820x642.jpeg 820w, https:\/\/informeagropecuario.com.ar\/wp-content\/uploads\/2024\/06\/1-2.jpeg 1280w\" sizes=\"(max-width: 300px) 100vw, 300px\" \/><\/p>\n<p><strong><em>Dicha unidad tiene por destino ser utilizada en el traslado de pacientes para la realizaci\u00f3n de tratamientos en otros centros urbanos.<\/em><\/strong><\/p>\n<p>Considerando la dificultad actual de la Municipalidad de Necochea para el traslado de pacientes ambulatorios hacia centros de atenci\u00f3n oncol\u00f3gica en Mar del Plata, confirmando el compromiso del puerto con la ciudad, el Consorcio de Gesti\u00f3n de Puerto Quequ\u00e9n resolvi\u00f3 la adquisici\u00f3n de un minib\u00fas con capacidad para 18 personas y su donaci\u00f3n.<\/p>\n<p>En el marco de la Resoluci\u00f3n 1\/2024 de la presidencia de declaraci\u00f3n de emergencia, el Consorcio de Gesti\u00f3n realiz\u00f3 un relevamiento de su parque automotor, encontrando autom\u00f3viles sin justificacion operativa.<\/p>\n<p>Ante la generaci\u00f3n de costos innecesarios de mantenimiento y combustible, en pos de minimizar los recursos ociosos y asimismo, colaborar con la comunidad, el ente portuario procedi\u00f3 a la cotizaci\u00f3n de los mismos y a su consiguiente permuta para la obtenci\u00f3n del minib\u00fas.<\/p>\n<p>De esta manera, el Consorcio de Gesti\u00f3n de Puerto Quequ\u00e9n contin\u00faa ratificando su compromiso de crecer de cara a la ciudad.<\/p>\n","protected":false},"excerpt":{"rendered":"<p>La presidenta del Consorcio de Gesti\u00f3n de Puerto Quequ\u00e9n, Lic. Jimena L\u00f3pez, y el Intendente<\/p>\n","protected":false},"author":1,"featured_media":24407,"comment_status":"open","ping_status":"open","sticky":false,"template":"","format":"standard","meta":{"footnotes":""},"categories":[20],"tags":[],"class_list":["post-24406","post","type-post","status-publish","format-standard","has-post-thumbnail","hentry","category-actualidad"],"_links":{"self":[{"href":"https:\/\/informeagropecuario.com.ar\/index.php?rest_route=\/wp\/v2\/posts\/24406","targetHints":{"allow":["GET"]}}],"collection":[{"href":"https:\/\/informeagropecuario.com.ar\/index.php?rest_route=\/wp\/v2\/posts"}],"about":[{"href":"https:\/\/informeagropecuario.com.ar\/index.php?rest_route=\/wp\/v2\/types\/post"}],"author":[{"embeddable":true,"href":"https:\/\/informeagropecuario.com.ar\/index.php?rest_route=\/wp\/v2\/users\/1"}],"replies":[{"embeddable":true,"href":"https:\/\/informeagropecuario.com.ar\/index.php?rest_route=%2Fwp%2Fv2%2Fcomments&post=24406"}],"version-history":[{"count":2,"href":"https:\/\/informeagropecuario.com.ar\/index.php?rest_route=\/wp\/v2\/posts\/24406\/revisions"}],"predecessor-version":[{"id":24414,"href":"https:\/\/informeagropecuario.com.ar\/index.php?rest_route=\/wp\/v2\/posts\/24406\/revisions\/24414"}],"wp:featuredmedia":[{"embeddable":true,"href":"https:\/\/informeagropecuario.com.ar\/index.php?rest_route=\/wp\/v2\/media\/24407"}],"wp:attachment":[{"href":"https:\/\/informeagropecuario.com.ar\/index.php?rest_route=%2Fwp%2Fv2%2Fmedia&parent=24406"}],"wp:term":[{"taxonomy":"category","embeddable":true,"href":"https:\/\/informeagropecuario.com.ar\/index.php?rest_route=%2Fwp%2Fv2%2Fcategories&post=24406"},{"taxonomy":"post_tag","embeddable":true,"href":"https:\/\/informeagropecuario.com.ar\/index.php?rest_route=%2Fwp%2Fv2%2Ftags&post=24406"}],"curies":[{"name":"wp","href":"https:\/\/api.w.org\/{rel}","templated":true}]}}