{"id":24409,"date":"2024-06-07T14:48:17","date_gmt":"2024-06-07T17:48:17","guid":{"rendered":"http:\/\/informeagropecuario.com.ar\/?p=24409"},"modified":"2024-06-07T14:48:17","modified_gmt":"2024-06-07T17:48:17","slug":"siembra-de-trigo-a-pleno-se-sembraron-360-000-hectareas-en-una-semana","status":"publish","type":"post","link":"https:\/\/informeagropecuario.com.ar\/?p=24409","title":{"rendered":"Siembra de trigo a pleno: se sembraron 360.000 hect\u00e1reas en una semana"},"content":{"rendered":"<p>La siembra de trigo se larg\u00f3 con fuerza en los \u00faltimos siete d\u00edas para aprovechar la humedad presente, y as\u00ed lograron sembrarse m\u00e1s de 360.000 hect\u00e1reas en la regi\u00f3n n\u00facleo, que representan el 40% de avance sobre la superficie proyectada para esta campa\u00f1a.<!--more--><\/p>\n<p>De acuerdo con un informe de la Bolsa de Comercio de Rosario, el trigo va sumando lotes y parece consolidarse \u00abun efecto cascada o contagio entre los productores\u00bb.<\/p>\n<p>La entidad empresaria record\u00f3 que la campa\u00f1a pasada fue una de las m\u00e1s bajas por la falta de agua que afectaba sobre todo al oeste de la regi\u00f3n.<\/p>\n<p>Pero esta semana el salto de la intenci\u00f3n triguera pas\u00f3 de 10 a 15%, con lo cual la superficie con trigo ya se ubica en 1,21 mill\u00f3n de hectareas; los t\u00e9cnicos estiman que habr\u00e1 entre un 30% a 35% m\u00e1s de la superficie destinada al cereal.<\/p>\n<p>Seg\u00fan el reporte sectorial, el ritmo de avance viene marcado por la humedad superficial de los lotes; a nivel regional, el sector m\u00e1s adelantado es el centro-sur santafecino con un 80% y le sigue el sureste cordob\u00e9s con un 40%.<\/p>\n<p>La Bolsa rosarina record\u00f3 que hace un a\u00f1o, el centro y oeste atravesaba una marcada escasez h\u00eddrica y sequ\u00eda, sin embargo se hab\u00eda implantado el 55% de la superficie.<\/p>\n<p>En esta campa\u00f1a, el avance es a\u00fan menor con el 40% reci\u00e9n implantado: las condiciones h\u00eddricas son muy distintas, pero en este a\u00f1o hay un cambio en el calendario de siembra para escapar de las heladas tard\u00edas que en las \u00faltimas campa\u00f1as se vienen dando, indic\u00f3 la entidad.<\/p>\n","protected":false},"excerpt":{"rendered":"<p>La siembra de trigo se larg\u00f3 con fuerza en los \u00faltimos siete d\u00edas para aprovechar<\/p>\n","protected":false},"author":1,"featured_media":24410,"comment_status":"open","ping_status":"open","sticky":false,"template":"","format":"standard","meta":{"footnotes":""},"categories":[20],"tags":[],"class_list":["post-24409","post","type-post","status-publish","format-standard","has-post-thumbnail","hentry","category-actualidad"],"_links":{"self":[{"href":"https:\/\/informeagropecuario.com.ar\/index.php?rest_route=\/wp\/v2\/posts\/24409","targetHints":{"allow":["GET"]}}],"collection":[{"href":"https:\/\/informeagropecuario.com.ar\/index.php?rest_route=\/wp\/v2\/posts"}],"about":[{"href":"https:\/\/informeagropecuario.com.ar\/index.php?rest_route=\/wp\/v2\/types\/post"}],"author":[{"embeddable":true,"href":"https:\/\/informeagropecuario.com.ar\/index.php?rest_route=\/wp\/v2\/users\/1"}],"replies":[{"embeddable":true,"href":"https:\/\/informeagropecuario.com.ar\/index.php?rest_route=%2Fwp%2Fv2%2Fcomments&post=24409"}],"version-history":[{"count":1,"href":"https:\/\/informeagropecuario.com.ar\/index.php?rest_route=\/wp\/v2\/posts\/24409\/revisions"}],"predecessor-version":[{"id":24411,"href":"https:\/\/informeagropecuario.com.ar\/index.php?rest_route=\/wp\/v2\/posts\/24409\/revisions\/24411"}],"wp:featuredmedia":[{"embeddable":true,"href":"https:\/\/informeagropecuario.com.ar\/index.php?rest_route=\/wp\/v2\/media\/24410"}],"wp:attachment":[{"href":"https:\/\/informeagropecuario.com.ar\/index.php?rest_route=%2Fwp%2Fv2%2Fmedia&parent=24409"}],"wp:term":[{"taxonomy":"category","embeddable":true,"href":"https:\/\/informeagropecuario.com.ar\/index.php?rest_route=%2Fwp%2Fv2%2Fcategories&post=24409"},{"taxonomy":"post_tag","embeddable":true,"href":"https:\/\/informeagropecuario.com.ar\/index.php?rest_route=%2Fwp%2Fv2%2Ftags&post=24409"}],"curies":[{"name":"wp","href":"https:\/\/api.w.org\/{rel}","templated":true}]}}