{"id":24415,"date":"2024-06-11T11:43:15","date_gmt":"2024-06-11T14:43:15","guid":{"rendered":"http:\/\/informeagropecuario.com.ar\/?p=24415"},"modified":"2024-06-11T11:43:15","modified_gmt":"2024-06-11T14:43:15","slug":"se-anuncio-la-licitacion-para-los-elevadores-de-la-terminal-quequen","status":"publish","type":"post","link":"https:\/\/informeagropecuario.com.ar\/?p=24415","title":{"rendered":"Se anunci\u00f3 la licitaci\u00f3n para los elevadores de la Terminal Quequ\u00e9n"},"content":{"rendered":"<p class=\"fparrafo ctext fz18 lh25\">El ministro de Gobierno de la Provincia de Buenos Aires, Carlos Bianco, en su visita a Necochea, anunci\u00f3 que se est\u00e1n preparando los pliegos para la pr\u00f3xima licitaci\u00f3n de los elevadores del puerto e inform\u00f3 de la licitaci\u00f3n del proyecto de repotenciaci\u00f3n de energ\u00eda el\u00e9ctrica.<!--more--><\/p>\n<p>El ministro\u00a0<strong>Carlos Bianco<\/strong>, hizo los anuncios en conferencia de prensa, en las instalaciones de puerto Quequ\u00e9n y estuvo acompa\u00f1ado por la presidenta del Consorcio de Gesti\u00f3n de Puerto Quequ\u00e9n,\u00a0<strong>Jimena L\u00f3pez\u00a0<\/strong>y la concejal\u00a0<strong>Andrea C\u00e1ceres<\/strong>.<\/p>\n<p>El anuncios de\u00a0\u00a0la licitaci\u00f3n de los elevadores de la Terminal Quequ\u00e9n, fue uno de los m\u00e1s esperados, ya que el contrato ha sido prorrogado en dos oportunidades y vence en noviembre. \u201c<em>Se est\u00e1 trabajando en los pliegos para la licitaci\u00f3n, con reserva de carga para la provincia de Buenos Aires que fue un pedido expreso del gobernador<\/em>\u201c, adelant\u00f3 el ministro\u00a0<strong>Bianco.<\/strong><\/p>\n<p><strong>Jimena L\u00f3pez,<\/strong>\u00a0presidenta del Consorcio de Gesti\u00f3n de Puerto Quequ\u00e9n, destac\u00f3 la determinaci\u00f3n del gobernador Axel Kicillof de avanzar con la licitaci\u00f3n este a\u00f1o. \u201c<em>Hay una decisi\u00f3n del gobernador de licitar este a\u00f1o y generar las condiciones como el 30% que solicita la provincia de reserva. En caso de que exista un cambio en la administraci\u00f3n, se deben dar las garant\u00edas para tener la transici\u00f3n m\u00e1s prolija posible<\/em>\u201c, subray\u00f3\u00a0<em>L\u00f3pez.\u00a0<\/em>Asimismo, indic\u00f3 que \u201c<em>en 60 o 70 d\u00edas estar\u00edamos listos para el llamado a licitaci\u00f3n del elevador<\/em>\u201c.<\/p>\n<figure><img fetchpriority=\"high\" decoding=\"async\" src=\"https:\/\/www.globalports.com.ar\/wp-content\/uploads\/2024\/06\/Captura-de-pantalla-2024-06-09-a-las-20.12.56-981x409.png\" sizes=\"(max-width: 981px) 100vw, 981px\" srcset=\"https:\/\/www.globalports.com.ar\/wp-content\/uploads\/2024\/06\/Captura-de-pantalla-2024-06-09-a-las-20.12.56-981x409.png 981w, https:\/\/www.globalports.com.ar\/wp-content\/uploads\/2024\/06\/Captura-de-pantalla-2024-06-09-a-las-20.12.56-481x201.png 481w, https:\/\/www.globalports.com.ar\/wp-content\/uploads\/2024\/06\/Captura-de-pantalla-2024-06-09-a-las-20.12.56-768x320.png 768w, https:\/\/www.globalports.com.ar\/wp-content\/uploads\/2024\/06\/Captura-de-pantalla-2024-06-09-a-las-20.12.56.png 1024w, https:\/\/www.globalports.com.ar\/wp-content\/uploads\/2024\/06\/Captura-de-pantalla-2024-06-09-a-las-20.12.56-1080x451.png 1080w\" alt=\"\" width=\"981\" height=\"409\" data-sizes=\"(max-width: 981px) 100vw, 981px\" data-src=\"https:\/\/www.globalports.com.ar\/wp-content\/uploads\/2024\/06\/Captura-de-pantalla-2024-06-09-a-las-20.12.56-981x409.png\" data-srcset=\"https:\/\/www.globalports.com.ar\/wp-content\/uploads\/2024\/06\/Captura-de-pantalla-2024-06-09-a-las-20.12.56-981x409.png 981w, https:\/\/www.globalports.com.ar\/wp-content\/uploads\/2024\/06\/Captura-de-pantalla-2024-06-09-a-las-20.12.56-481x201.png 481w, https:\/\/www.globalports.com.ar\/wp-content\/uploads\/2024\/06\/Captura-de-pantalla-2024-06-09-a-las-20.12.56-768x320.png 768w, https:\/\/www.globalports.com.ar\/wp-content\/uploads\/2024\/06\/Captura-de-pantalla-2024-06-09-a-las-20.12.56.png 1024w, https:\/\/www.globalports.com.ar\/wp-content\/uploads\/2024\/06\/Captura-de-pantalla-2024-06-09-a-las-20.12.56-1080x451.png 1080w\" \/><figcaption><strong>Jimena L\u00f3pez,\u00a0<em>Carlos Bianco y\u00a0<\/em>Andrea C\u00e1ceres<\/strong><\/figcaption><\/figure>\n<p>&nbsp;<\/p>\n<p>El ministro\u00a0<strong>Bianco<\/strong>\u00a0tambi\u00e9n abord\u00f3 el proyecto de repotenciaci\u00f3n de energ\u00eda el\u00e9ctrica, mencionando que la \u00faltima licitaci\u00f3n no tuvo \u00e9xito debido a problemas t\u00e9cnicos y macroecon\u00f3micos. \u201c<em>Se presentaron dos empresas: una no cumpl\u00eda los est\u00e1ndares t\u00e9cnicos y la otra s\u00ed, pero con las medidas macroecon\u00f3micas que aplic\u00f3 Naci\u00f3n no se pudo sostener esa ofert<\/em>a\u201d, explic\u00f3. Adem\u00e1s, Bianco asegur\u00f3 que \u201c<em>todo el sector productivo de Necochea y Quequ\u00e9n est\u00e1 a la espera de novedades. En julio estar\u00e1 terminado el pliego para una nueva licitaci\u00f3n<\/em>\u201c.<\/p>\n<p>En resumen, el ministro Bianco anunci\u00f3 dos importantes licitaciones: una para la repotenciaci\u00f3n energ\u00e9tica en Quequ\u00e9n en julio y otra para la Terminal de puerto Quequ\u00e9n en un plazo de 60 a 70 d\u00edas, reafirmando el compromiso del gobierno provincial con el desarrollo y crecimiento de la regi\u00f3n.<\/p>\n<p>&nbsp;<\/p>\n<p>&nbsp;<\/p>\n<p>&nbsp;<\/p>\n<p>&nbsp;<\/p>\n<p>&nbsp;<\/p>\n<p>&nbsp;<\/p>\n<p>&nbsp;<\/p>\n<p>&nbsp;<\/p>\n<p>&nbsp;<\/p>\n<p>&nbsp;<\/p>\n<p>&nbsp;<\/p>\n<p>&nbsp;<\/p>\n<p>&nbsp;<\/p>\n<p>&nbsp;<\/p>\n<p>&nbsp;<\/p>\n<p>&nbsp;<\/p>\n<p>&nbsp;<\/p>\n<p>&nbsp;<\/p>\n<p>&nbsp;<\/p>\n<p>&nbsp;<\/p>\n<p>&nbsp;<\/p>\n<p>&nbsp;<\/p>\n<p>&nbsp;<\/p>\n<p>&nbsp;<\/p>\n<p>&nbsp;<\/p>\n<p>&nbsp;<\/p>\n<p>&nbsp;<\/p>\n<p>&nbsp;<\/p>\n<p>&nbsp;<\/p>\n<p>&nbsp;<\/p>\n<p>&nbsp;<\/p>\n<p>&nbsp;<\/p>\n<p>&nbsp;<\/p>\n<p>&nbsp;<\/p>\n<p>&nbsp;<\/p>\n<p>&nbsp;<\/p>\n<p>&nbsp;<\/p>\n<p>&nbsp;<\/p>\n<pre>Glogaport<\/pre>\n","protected":false},"excerpt":{"rendered":"<p>El ministro de Gobierno de la Provincia de Buenos Aires, Carlos Bianco, en su visita<\/p>\n","protected":false},"author":1,"featured_media":24416,"comment_status":"open","ping_status":"open","sticky":false,"template":"","format":"standard","meta":{"footnotes":""},"categories":[20],"tags":[],"class_list":["post-24415","post","type-post","status-publish","format-standard","has-post-thumbnail","hentry","category-actualidad"],"_links":{"self":[{"href":"https:\/\/informeagropecuario.com.ar\/index.php?rest_route=\/wp\/v2\/posts\/24415","targetHints":{"allow":["GET"]}}],"collection":[{"href":"https:\/\/informeagropecuario.com.ar\/index.php?rest_route=\/wp\/v2\/posts"}],"about":[{"href":"https:\/\/informeagropecuario.com.ar\/index.php?rest_route=\/wp\/v2\/types\/post"}],"author":[{"embeddable":true,"href":"https:\/\/informeagropecuario.com.ar\/index.php?rest_route=\/wp\/v2\/users\/1"}],"replies":[{"embeddable":true,"href":"https:\/\/informeagropecuario.com.ar\/index.php?rest_route=%2Fwp%2Fv2%2Fcomments&post=24415"}],"version-history":[{"count":1,"href":"https:\/\/informeagropecuario.com.ar\/index.php?rest_route=\/wp\/v2\/posts\/24415\/revisions"}],"predecessor-version":[{"id":24417,"href":"https:\/\/informeagropecuario.com.ar\/index.php?rest_route=\/wp\/v2\/posts\/24415\/revisions\/24417"}],"wp:featuredmedia":[{"embeddable":true,"href":"https:\/\/informeagropecuario.com.ar\/index.php?rest_route=\/wp\/v2\/media\/24416"}],"wp:attachment":[{"href":"https:\/\/informeagropecuario.com.ar\/index.php?rest_route=%2Fwp%2Fv2%2Fmedia&parent=24415"}],"wp:term":[{"taxonomy":"category","embeddable":true,"href":"https:\/\/informeagropecuario.com.ar\/index.php?rest_route=%2Fwp%2Fv2%2Fcategories&post=24415"},{"taxonomy":"post_tag","embeddable":true,"href":"https:\/\/informeagropecuario.com.ar\/index.php?rest_route=%2Fwp%2Fv2%2Ftags&post=24415"}],"curies":[{"name":"wp","href":"https:\/\/api.w.org\/{rel}","templated":true}]}}