{"id":24434,"date":"2024-06-18T12:56:49","date_gmt":"2024-06-18T15:56:49","guid":{"rendered":"http:\/\/informeagropecuario.com.ar\/?p=24434"},"modified":"2024-06-18T12:56:49","modified_gmt":"2024-06-18T15:56:49","slug":"dolar-blend-para-exportadores-el-fmi-pidio-el-fin-pero-el-gobierno-ratifico-el-tipo-de-cambio-especial","status":"publish","type":"post","link":"https:\/\/informeagropecuario.com.ar\/?p=24434","title":{"rendered":"D\u00f3lar \u201cblend\u201d para exportadores: el FMI pidi\u00f3 el fin, pero el Gobierno ratific\u00f3 el tipo de cambio especial"},"content":{"rendered":"<p>El reporte del staff del organismo internacional le puso vencimiento a finales de junio; funcionarios del Ministerio de Econom\u00eda dijeron lo contrario<!--more--><\/p>\n<div id=\"body-1\" class=\"body-1 mt-20\">\n<p><strong>El Fondo Monetario Internacional present\u00f3 la octava revisi\u00f3n del programa de Argentina.<\/strong>\u00a0En el reporte del staff, el organismo plante\u00f3 el camino para la salida del cepo cambiario y le puso fin al d\u00f3lar exportador a finales de junio. Funcionarios del Gobierno salieron a desmentirlo.<\/p>\n<p>Entre otros puntos, el informe destac\u00f3 los puntos que debe seguir el pa\u00eds para flexibilizar el tipo de cambio.\u00a0Cabe destacar que actualmente rige el d\u00f3lar \u201cblend\u201d o exportador que contempla la liquidaci\u00f3n del 80 % en tipo de cambio oficial y 20 % al Contado Con Liquidaci\u00f3n.<\/p>\n<p>Tras conocerse el informe, el FMI dispuso en el punto 26 que las autoridades ajustar\u00e1n la pol\u00edtica cambiaria con el tiempo para que sea m\u00e1s flexible y refleje mejor los fundamentos y salvaguarde una mayor mejora en la cobertura de reservas.\u00a0<strong>Esto se debe al objetivo de desmantelar las restricciones y controles cambiarios.<\/strong><\/p>\n<\/div>\n<p><img fetchpriority=\"high\" decoding=\"async\" class=\"\" src=\"https:\/\/admin-news.agrofy.com.ar\/sites\/default\/files\/captura_de_pantalla_2024-06-18_122549.jpg\" sizes=\"100vw\" srcset=\"https:\/\/admin-news.agrofy.com.ar\/sites\/default\/files\/captura_de_pantalla_2024-06-18_122549.jpg 640w, https:\/\/admin-news.agrofy.com.ar\/sites\/default\/files\/captura_de_pantalla_2024-06-18_122549.jpg 750w, https:\/\/admin-news.agrofy.com.ar\/sites\/default\/files\/captura_de_pantalla_2024-06-18_122549.jpg 828w, https:\/\/admin-news.agrofy.com.ar\/sites\/default\/files\/captura_de_pantalla_2024-06-18_122549.jpg 1080w, https:\/\/admin-news.agrofy.com.ar\/sites\/default\/files\/captura_de_pantalla_2024-06-18_122549.jpg 1200w, https:\/\/admin-news.agrofy.com.ar\/sites\/default\/files\/captura_de_pantalla_2024-06-18_122549.jpg 1920w, https:\/\/admin-news.agrofy.com.ar\/sites\/default\/files\/captura_de_pantalla_2024-06-18_122549.jpg 2048w, https:\/\/admin-news.agrofy.com.ar\/sites\/default\/files\/captura_de_pantalla_2024-06-18_122549.jpg 3840w\" alt=\"\" width=\"535\" height=\"320\" data-nimg=\"responsive\" \/><\/p>\n<div id=\"body-1\" class=\"body-1 mt-20\"><\/div>\n<div id=\"body-2\">\n<div id=\"body-2\" class=\"body-2 mt-20\">\n<p>En este punto, el FMI expuso: \u201cLas autoridades siguen comprometidas a desmantelar todas las restricciones cambiarias, comenzando con las medidas m\u00e1s distorsionantes, incluida la\u00a0eliminaci\u00f3n del esquema de exportaci\u00f3n preferencial 80\/20 (finales de junio de 2024, SB)\u00a0y la eliminaci\u00f3n del impuesto pa\u00eds antes de fines de 2024\u201d.<\/p>\n<p><strong>Con este texto del organismo internacional, el sector exportador de granos se quedar\u00eda sin el d\u00f3lar \u201cblend\u201d<\/strong>\u00a0que le permite una mejora en el tipo de cambio. En la jornada del viernes, el tipo de cambio oficial cotiz\u00f3 en\u00a0<strong>$ 900,5, mientras que el d\u00f3lar exportador $ 973,09.<\/strong><\/p>\n<p>Este tipo de cambio supone una mejora y un incentivo a la venta de granos.\u00a0Cabe destacar que el informe de la Bolsa de Comercio de Rosario se\u00f1al\u00f3 que al 5 de junio quedan 26,7 millones de toneladas de soja sin vender en el mercado dom\u00e9stico. \u201cSi se suma la mercader\u00eda que se vendi\u00f3, pero a\u00fan no se fij\u00f3 precio, restar\u00edan 35,7 millones de toneladas por poner precio en esta campa\u00f1a\u201d, indic\u00f3 la entidad rosarina.<\/p>\n<p><strong>El encargado de ratificar la vigencia del tipo de cambio especial fue el secretario de Finanzas, Pablo Quirno.<\/strong>\u00a0Uno de los hombres de confianza del ministro de Econom\u00eda, Luis Caputo, reposte\u00f3 un mensaje del titular de la cartera: \u201cAnte los infundados rumores, aclaramos con Santiago Bausili, que en caso de que se apruebe la ley Bases, la baja del impuesto pa\u00eds no viene asociada a ninguna devaluaci\u00f3n. Tampoco se tocar\u00e1 el 80\/20 actual ni el crawling de 2 pct\u201d.<\/p>\n<\/div>\n<\/div>\n<div id=\"body-3\">\n<div id=\"body-3\" class=\"body-3 mt-20\">\n<p>Por \u00faltimo, el reporte del FMI se\u00f1al\u00f3 que el Gobierno se comprometi\u00f3 a desarrollar y publicar un borrador de propuesta para mejorar la eficiencia y simplicidad del sistema tributario. Incluye la reorientaci\u00f3n de un sistema de impuestos lejos de distorsiones sobre el comercio y las transacciones financieras.<\/p>\n<\/div>\n<\/div>\n","protected":false},"excerpt":{"rendered":"<p>El reporte del staff del organismo internacional le puso vencimiento a finales de junio; funcionarios<\/p>\n","protected":false},"author":1,"featured_media":24435,"comment_status":"open","ping_status":"open","sticky":false,"template":"","format":"standard","meta":{"footnotes":""},"categories":[20],"tags":[],"class_list":["post-24434","post","type-post","status-publish","format-standard","has-post-thumbnail","hentry","category-actualidad"],"_links":{"self":[{"href":"https:\/\/informeagropecuario.com.ar\/index.php?rest_route=\/wp\/v2\/posts\/24434","targetHints":{"allow":["GET"]}}],"collection":[{"href":"https:\/\/informeagropecuario.com.ar\/index.php?rest_route=\/wp\/v2\/posts"}],"about":[{"href":"https:\/\/informeagropecuario.com.ar\/index.php?rest_route=\/wp\/v2\/types\/post"}],"author":[{"embeddable":true,"href":"https:\/\/informeagropecuario.com.ar\/index.php?rest_route=\/wp\/v2\/users\/1"}],"replies":[{"embeddable":true,"href":"https:\/\/informeagropecuario.com.ar\/index.php?rest_route=%2Fwp%2Fv2%2Fcomments&post=24434"}],"version-history":[{"count":1,"href":"https:\/\/informeagropecuario.com.ar\/index.php?rest_route=\/wp\/v2\/posts\/24434\/revisions"}],"predecessor-version":[{"id":24436,"href":"https:\/\/informeagropecuario.com.ar\/index.php?rest_route=\/wp\/v2\/posts\/24434\/revisions\/24436"}],"wp:featuredmedia":[{"embeddable":true,"href":"https:\/\/informeagropecuario.com.ar\/index.php?rest_route=\/wp\/v2\/media\/24435"}],"wp:attachment":[{"href":"https:\/\/informeagropecuario.com.ar\/index.php?rest_route=%2Fwp%2Fv2%2Fmedia&parent=24434"}],"wp:term":[{"taxonomy":"category","embeddable":true,"href":"https:\/\/informeagropecuario.com.ar\/index.php?rest_route=%2Fwp%2Fv2%2Fcategories&post=24434"},{"taxonomy":"post_tag","embeddable":true,"href":"https:\/\/informeagropecuario.com.ar\/index.php?rest_route=%2Fwp%2Fv2%2Ftags&post=24434"}],"curies":[{"name":"wp","href":"https:\/\/api.w.org\/{rel}","templated":true}]}}