{"id":24446,"date":"2024-06-22T18:07:50","date_gmt":"2024-06-22T21:07:50","guid":{"rendered":"http:\/\/informeagropecuario.com.ar\/?p=24446"},"modified":"2024-06-22T18:07:50","modified_gmt":"2024-06-22T21:07:50","slug":"apoyar-al-campo-en-puerto-quequen-y-recuperar-el-ferrocarril-en-la-agenda-de-las-rurales","status":"publish","type":"post","link":"https:\/\/informeagropecuario.com.ar\/?p=24446","title":{"rendered":"Apoyar al campo en Puerto Quequ\u00e9n y recuperar el ferrocarril en la Agenda de las Rurales"},"content":{"rendered":"<p>En un nuevo encuentro para analizar la actualidad gremial y agropecuaria de la regi\u00f3n, las\u00a0<strong>Sociedades Rurales del Sudeste Bonaerense se reunieron en Lober\u00eda<\/strong>.<!--more--><\/p>\n<p>Durante la jornada, se abordaron temas cruciales vinculados al hinterland del Puerto Quequ\u00e9n, su consorcio de gesti\u00f3n y la log\u00edstica, factores que impactan directamente en los costos, precios y mercados accesibles para los productores agropecuarios.<\/p>\n<p>Para profundizar en estos aspectos, fue invitado Juan Owerkerk, representante del sector agropecuario en el Consorcio de Gesti\u00f3n de Puerto Quequ\u00e9n. Owerkerk, miembro de CONINAGRO y oriundo de Tres Arroyos, ocupa el \u00fanico puesto del directorio reservado para el sector rural entre los nueve existentes. Durante su presentaci\u00f3n, detall\u00f3 la situaci\u00f3n actual del puerto y la limitada influencia que el sector agropecuario tiene en las decisiones del consorcio, a pesar de que la producci\u00f3n primaria genera m\u00e1s del 90% del volumen operado en la terminal.<\/p>\n<figure class=\"wp-block-image size-full\"><\/figure>\n<p>Owerkerk destac\u00f3 que, aunque el mantenimiento del puerto es adecuado, la situaci\u00f3n econ\u00f3mica del consorcio es complicada. Subray\u00f3 la necesidad de reestructurar la entidad y aumentar el tonelaje exportado, se\u00f1alando que la reactivaci\u00f3n del tren de cargas ser\u00eda un avance significativo para lograr este objetivo.<\/p>\n<p>En respuesta a una solicitud de la Sociedad Rural de Lober\u00eda y con el apoyo de las dem\u00e1s entidades, se ha programado una reuni\u00f3n con la presidenta del Consorcio de Gesti\u00f3n de Puerto Quequ\u00e9n para el pr\u00f3ximo mi\u00e9rcoles 26 de junio. Esta reuni\u00f3n buscar\u00e1 fortalecer la participaci\u00f3n del sector rural en la toma de decisiones del puerto.<\/p>\n<figure class=\"wp-block-image alignwide size-full\"><\/figure>\n<p>Durante el encuentro tambi\u00e9n se presentaron las propuestas de las dos listas que competir\u00e1n por la conducci\u00f3n de la Confederaci\u00f3n de Asociaciones Rurales de Buenos Aires y La Pampa (CARBAP) a partir de agosto. Las listas est\u00e1n encabezadas por el actual vicepresidente, Roberto Cittadini (S. R. Pig\u00fc\u00e9), y el actual secretario, Ignacio Kovarsky (S. R. Trenque Lauquen). Ambas propuestas buscan renovar la conducci\u00f3n, fomentar la cohesi\u00f3n de las bases y fortalecer la acci\u00f3n gremial.<\/p>\n<p>Otro punto tratado fue la vacunaci\u00f3n y la identificaci\u00f3n bovina, temas que se discutir\u00e1n con mayor profundidad el pr\u00f3ximo mi\u00e9rcoles en Rauch, durante la 15\u00aa Jornada de Evaluaci\u00f3n de Planes Sanitarios Provinciales y Nacionales.<\/p>\n","protected":false},"excerpt":{"rendered":"<p>En un nuevo encuentro para analizar la actualidad gremial y agropecuaria de la regi\u00f3n, las\u00a0Sociedades<\/p>\n","protected":false},"author":1,"featured_media":24447,"comment_status":"open","ping_status":"open","sticky":false,"template":"","format":"standard","meta":{"footnotes":""},"categories":[20],"tags":[],"class_list":["post-24446","post","type-post","status-publish","format-standard","has-post-thumbnail","hentry","category-actualidad"],"_links":{"self":[{"href":"https:\/\/informeagropecuario.com.ar\/index.php?rest_route=\/wp\/v2\/posts\/24446","targetHints":{"allow":["GET"]}}],"collection":[{"href":"https:\/\/informeagropecuario.com.ar\/index.php?rest_route=\/wp\/v2\/posts"}],"about":[{"href":"https:\/\/informeagropecuario.com.ar\/index.php?rest_route=\/wp\/v2\/types\/post"}],"author":[{"embeddable":true,"href":"https:\/\/informeagropecuario.com.ar\/index.php?rest_route=\/wp\/v2\/users\/1"}],"replies":[{"embeddable":true,"href":"https:\/\/informeagropecuario.com.ar\/index.php?rest_route=%2Fwp%2Fv2%2Fcomments&post=24446"}],"version-history":[{"count":1,"href":"https:\/\/informeagropecuario.com.ar\/index.php?rest_route=\/wp\/v2\/posts\/24446\/revisions"}],"predecessor-version":[{"id":24448,"href":"https:\/\/informeagropecuario.com.ar\/index.php?rest_route=\/wp\/v2\/posts\/24446\/revisions\/24448"}],"wp:featuredmedia":[{"embeddable":true,"href":"https:\/\/informeagropecuario.com.ar\/index.php?rest_route=\/wp\/v2\/media\/24447"}],"wp:attachment":[{"href":"https:\/\/informeagropecuario.com.ar\/index.php?rest_route=%2Fwp%2Fv2%2Fmedia&parent=24446"}],"wp:term":[{"taxonomy":"category","embeddable":true,"href":"https:\/\/informeagropecuario.com.ar\/index.php?rest_route=%2Fwp%2Fv2%2Fcategories&post=24446"},{"taxonomy":"post_tag","embeddable":true,"href":"https:\/\/informeagropecuario.com.ar\/index.php?rest_route=%2Fwp%2Fv2%2Ftags&post=24446"}],"curies":[{"name":"wp","href":"https:\/\/api.w.org\/{rel}","templated":true}]}}