{"id":24826,"date":"2024-09-09T14:39:29","date_gmt":"2024-09-09T17:39:29","guid":{"rendered":"http:\/\/informeagropecuario.com.ar\/?p=24826"},"modified":"2024-09-09T14:40:13","modified_gmt":"2024-09-09T17:40:13","slug":"axel-kicillof-recibio-a-las-entidades-rurales","status":"publish","type":"post","link":"https:\/\/informeagropecuario.com.ar\/?p=24826","title":{"rendered":"Axel Kicillof recibi\u00f3 a las entidades rurales que no comulgan con las tradicionales gremiales de la Mesa de Enlace"},"content":{"rendered":"<p>El gobierno bonaerense inform\u00f3 sobre una reuni\u00f3n, la semana pasada, entre el gobernador de la Provincia, Axel Kicillof, y su ministro de Desarrollo Agrario, Javier Rodr\u00edguez, con dirigentes de la Mesa Agroalimentaria Nacional, un grupo de organizaciones agropecuarias que no comulgan con las tradicionales gremiales de la Mesa de Enlace y que han mostrado un mayor grado de acercamiento hist\u00f3rico con las gestiones kirchneristas.<!--more--><\/p>\n<p>Por la Mesa Agroalimentaria Nacional participaron Ricardo Garzia y Silvio Antinori, (FECOFE); Omar Pr\u00edncipe y Sebasti\u00e1n Campo (Bases Federadas) Nahuel Levaggi y Virginia Crispin Condori (UTT); Ricardo Sirotiuk y Jos\u00e9 Umpierrez, (FONAF) y Diego Mont\u00f3n y Marisol Troya, (MNCI-ST). Muchos de estos dirigentes son nacionales y por lo tanto superan los l\u00edmites de los asuntos atinentes a la provincia de Buenos Aires. Pero fue una reuni\u00f3n claramente pol\u00edtica y no de gesti\u00f3n, donde Kicillof intenta mostrarse como la mejor opci\u00f3n opositora ante el nuevo gobierno nacional de Javier Milei.<\/p>\n<p>&nbsp;<\/p>\n<p>Curiosamente as\u00ed, la pol\u00edtica p\u00fablica agropecuaria vuelve a mostrar que no discrimina por raza, creo o religi\u00f3n, pero s\u00ed por ideolog\u00eda. No es culpa solo de Kicillof sino tambi\u00e9n de las nuevas autoridades de la Secretar\u00eda de Agricultura de Javier Milei, comandadas por Juan Pazo y Sergio Iraeta, que no han respondido a los pedidos de audiencia de estos sectores. As\u00ed, mientras la Mesa de Enlace conformada por CRA, la Sociedad Rural, Coninagro y Federaci\u00f3n Agraria se muestra m\u00e1s cercana al gobierno nacional, y por lo tanto luce como \u201cm\u00e1s oficialista\u201d, esta Mesa Agroalimentaria alternativa se recuesta en el gobierno bonaerense y asume un perfil \u201cm\u00e1s opositor\u201d.<\/p>\n<p>Hasta hace pocos meses suced\u00eda a la inversa: las cuatro entidades tradicionales eran la oposici\u00f3n del gobierno kirchnerista y los que ahora se entrevistan con Kicillof se mostraban a favor de esa gesti\u00f3n. Como sea, Kicillof empez\u00f3 a proyectarse como el gran articulador de una oposici\u00f3n a Milei desde el peronismo, y desde ese punto de vista puede leerse la realizaci\u00f3n de esta reuni\u00f3n.<\/p>\n<p>&nbsp;<\/p>\n<p>De las cosas discutidas, el gobierno provincial inform\u00f3 poco y nada: \u201cDurante el encuentro, coincidieron en la importancia de seguir implementando pol\u00edticas p\u00fablicas segmentadas para el desarrollo de la producci\u00f3n agroalimentaria bonaerense\u201d, se destac\u00f3.<\/p>\n<p dir=\"auto\">\u201cVenimos acompa\u00f1ando al sector con distintas pol\u00edticas, las cuales hemos puesto a disposici\u00f3n, entendiendo la enorme diversidad y la existencia de problemas hist\u00f3ricos y estructurales\u201d, asegur\u00f3 Kicillof despu\u00e9s de esa reuni\u00f3n.\u00a0A su turno, el ministro Rodr\u00edguez agreg\u00f3: \u201cCreemos en un Estado inteligente que est\u00e9 acompa\u00f1ando a todos los productores, pero en especial a los peque\u00f1os y medianos productores, productores de la agricultura familiar y cooperativistas para alcanzar el desarrollo productivo\u201d.<\/p>\n<p dir=\"auto\">A su vez, seg\u00fan la gacetilla, los presentes destacaron la segmentaci\u00f3n del impuesto inmobiliario rural, lo que permiti\u00f3 la baja de la presi\u00f3n tributaria sobre los productores m\u00e1s peque\u00f1os. Y tambi\u00e9n se resalt\u00f3 el trabajo que vienen realizando las Chacras Experimentales en materia de innovaci\u00f3n cient\u00edfico-tecnol\u00f3gica aplicada a la producci\u00f3n con l\u00edneas de investigaci\u00f3n y ensayos en sanidad vegetal y animal, mejoramiento gen\u00e9tico, apicultura, ganader\u00eda, entre otras.<\/p>\n","protected":false},"excerpt":{"rendered":"<p>El gobierno bonaerense inform\u00f3 sobre una reuni\u00f3n, la semana pasada, entre el gobernador de la<\/p>\n","protected":false},"author":1,"featured_media":24827,"comment_status":"open","ping_status":"open","sticky":false,"template":"","format":"standard","meta":{"footnotes":""},"categories":[20],"tags":[],"class_list":["post-24826","post","type-post","status-publish","format-standard","has-post-thumbnail","hentry","category-actualidad"],"_links":{"self":[{"href":"https:\/\/informeagropecuario.com.ar\/index.php?rest_route=\/wp\/v2\/posts\/24826","targetHints":{"allow":["GET"]}}],"collection":[{"href":"https:\/\/informeagropecuario.com.ar\/index.php?rest_route=\/wp\/v2\/posts"}],"about":[{"href":"https:\/\/informeagropecuario.com.ar\/index.php?rest_route=\/wp\/v2\/types\/post"}],"author":[{"embeddable":true,"href":"https:\/\/informeagropecuario.com.ar\/index.php?rest_route=\/wp\/v2\/users\/1"}],"replies":[{"embeddable":true,"href":"https:\/\/informeagropecuario.com.ar\/index.php?rest_route=%2Fwp%2Fv2%2Fcomments&post=24826"}],"version-history":[{"count":2,"href":"https:\/\/informeagropecuario.com.ar\/index.php?rest_route=\/wp\/v2\/posts\/24826\/revisions"}],"predecessor-version":[{"id":24829,"href":"https:\/\/informeagropecuario.com.ar\/index.php?rest_route=\/wp\/v2\/posts\/24826\/revisions\/24829"}],"wp:featuredmedia":[{"embeddable":true,"href":"https:\/\/informeagropecuario.com.ar\/index.php?rest_route=\/wp\/v2\/media\/24827"}],"wp:attachment":[{"href":"https:\/\/informeagropecuario.com.ar\/index.php?rest_route=%2Fwp%2Fv2%2Fmedia&parent=24826"}],"wp:term":[{"taxonomy":"category","embeddable":true,"href":"https:\/\/informeagropecuario.com.ar\/index.php?rest_route=%2Fwp%2Fv2%2Fcategories&post=24826"},{"taxonomy":"post_tag","embeddable":true,"href":"https:\/\/informeagropecuario.com.ar\/index.php?rest_route=%2Fwp%2Fv2%2Ftags&post=24826"}],"curies":[{"name":"wp","href":"https:\/\/api.w.org\/{rel}","templated":true}]}}