{"id":24841,"date":"2024-09-10T13:39:44","date_gmt":"2024-09-10T16:39:44","guid":{"rendered":"http:\/\/informeagropecuario.com.ar\/?p=24841"},"modified":"2024-09-10T13:39:44","modified_gmt":"2024-09-10T16:39:44","slug":"se-inaugura-el-nuevo-centro-de-remates-de-angus","status":"publish","type":"post","link":"https:\/\/informeagropecuario.com.ar\/?p=24841","title":{"rendered":"Se inaugura el nuevo centro de remates de Angus"},"content":{"rendered":"<p>El encuentro ganadero m\u00e1s importante del pa\u00eds ser\u00e1 el evento inaugural del Centro de Remates y . Exposiciones de Ca\u00f1uelas, ubicado junto al Mercado Agroganadero. Ser\u00e1 el martes 17 de septiembre<strong><em>.<\/em><\/strong><!--more--><\/p>\n<p>En el marco de la Semana Angus que se realizar\u00e1 entre el 16 y el 21 de septiembre, con el apoyo de Expoagro\u00a0 en el Mercado Agraganadero de Ca\u00f1uelas\u00a0 (MAC), el 17 de este mes\u00a0 se inaugurar\u00e1 el Centro de Remates y Exposiciones Angus.<\/p>\n<p>El espacio, que cuenta con instalaciones exclusivas y una arquitectura basada en los grandes espacios de Remates del mundo, est\u00e1 equipada con una oficina de SENASA, un comedor para el personal, un galp\u00f3n de guardado y una vivienda para el cuidador.<\/p>\n<h3><strong>La Muestra\u00a0<\/strong><\/h3>\n<p>Adem\u00e1s, dentro de la estructura, hay un ring de ventas dotado con tecnolog\u00eda de punta, incluyendo una pista central de 6\u00d712 metros, con capacidad para m\u00e1s de 300 personas y una plataforma elevada para el rematador. Adem\u00e1s, dispone de ba\u00f1os, oficinas, un \u00e1rea de gastronom\u00eda y una sala de tecnolog\u00eda para realizar transmisiones por streaming.<\/p>\n<p>\u201cPara la Asociaci\u00f3n Argentina de Angus, tener su propio Centro de Remates y Exposiciones es un logro importante. Es que el socio, con el aporte permanente que hace, se pueda sentir due\u00f1o del espacio para poder mostrar mejor su hacienda y mejorar el negocio de su caba\u00f1a o de la firma consignataria que quiera tener un remate de hacienda all\u00ed\u201d, se\u00f1al\u00f3 Alfonso Bustillo, presidente de la Asociaci\u00f3n Argentina de Angus.<\/p>\n<p>\u201cLa inauguraci\u00f3n va a ser un acto importante donde nos acompa\u00f1ar\u00e1n los socios, las autoridades Nacionales, Provinciales y Municipales, nuestros sponsors y los consignatarios amigos . Adem\u00e1s, vamos a tener la bendici\u00f3n de las instalaciones por un cura y un rabino, lo que significa la expectativa de inaugurar algo tan importante para una instituci\u00f3n\u201d, asegur\u00f3.<\/p>\n<h3><strong>Una fusi\u00f3n perfecta de tradici\u00f3n e innovaci\u00f3n<\/strong><\/h3>\n<p>En el Centro de Remates y Exposiciones Angus se fusiona lo mejor de la tradici\u00f3n y la innovaci\u00f3n para proporcionar a criadores, caba\u00f1eros y productores comerciales la plataforma ideal para sus negocios.<\/p>\n<p>En este sentido, las instalaciones incluyen: un\u00a0<strong>Sector de Atracaderos<\/strong>, equipado con play\u00f3n para dos camiones, cargadores independientes, descarga lineal y carga con toril, todo dise\u00f1ado teniendo en cuenta el bienestar animal.\u00a0<strong>Manga curva \u00a0y Balanza<\/strong>, con b\u00e1scula de peso individual y manga de trabajo e inspecci\u00f3n recta y techada y con,\u00a0<strong>Corrales<\/strong>, espacios vers\u00e1tiles con sector ba\u00f1aderos, calles de circulaci\u00f3n, corrales de recepci\u00f3n y carga, sector principal, corrales transitorios y patios de servicios.<\/p>\n<h3><strong>Ubicaci\u00f3n Estrat\u00e9gica<\/strong><\/h3>\n<p>Situado en el kil\u00f3metro 87 de la Ruta Provincial N\u00b0 6, a solo 80 km de Buenos Aires, el\u00a0<strong>Centro de Remates y Exposiciones Angus<\/strong>\u00a0ofrece una ubicaci\u00f3n ideal para eventos ganaderos, con f\u00e1cil acceso a la Autopista Provincial y cercan\u00eda a soluciones urbanas para catering y transporte.<\/p>\n<p>Como Municipio vamos a acompa\u00f1ar este evento tan importante, que marca un avance en el desarrollo del Polo Agro Comercial y un verdadero hito, como es la inauguraci\u00f3n del Centro de Exposiciones\u00bb, asegur\u00f3 la intendenta de Ca\u00f1uelas, Marisa Fassi.<\/p>\n<p>Este nuevo centro no solo se destaca por su infraestructura de vanguardia, sino tambi\u00e9n por su compromiso con la excelencia en el \u00e1mbito ganadero. Con el respaldo de l\u00edderes del sector y un dise\u00f1o pensado para optimizar cada detalle, el Centro de Remates y Exposiciones Angus est\u00e1 destinado a convertirse en el coraz\u00f3n de los eventos ganaderos en Argentina. Su apertura marca un hito en la evoluci\u00f3n de las exposiciones y remates, consolidando a Ca\u00f1uelas como un punto neur\u00e1lgico para el intercambio comercial y la exhibici\u00f3n de los mejores ejemplares.<\/p>\n<p>\u201cComo siempre decimos, reconocemos y agradecemos a quienes eligen Ca\u00f1uelas para invertir, porque estamos convencidos de los resultados de esta sinergia entre lo p\u00fablico y lo privado como motor de crecimiento para nuestra comunidad\u00bb, concluy\u00f3 la intendenta Marisa Fassi.<\/p>\n<p>&nbsp;<\/p>\n","protected":false},"excerpt":{"rendered":"<p>El encuentro ganadero m\u00e1s importante del pa\u00eds ser\u00e1 el evento inaugural del Centro de Remates<\/p>\n","protected":false},"author":1,"featured_media":24842,"comment_status":"open","ping_status":"open","sticky":false,"template":"","format":"standard","meta":{"footnotes":""},"categories":[20],"tags":[],"class_list":["post-24841","post","type-post","status-publish","format-standard","has-post-thumbnail","hentry","category-actualidad"],"_links":{"self":[{"href":"https:\/\/informeagropecuario.com.ar\/index.php?rest_route=\/wp\/v2\/posts\/24841","targetHints":{"allow":["GET"]}}],"collection":[{"href":"https:\/\/informeagropecuario.com.ar\/index.php?rest_route=\/wp\/v2\/posts"}],"about":[{"href":"https:\/\/informeagropecuario.com.ar\/index.php?rest_route=\/wp\/v2\/types\/post"}],"author":[{"embeddable":true,"href":"https:\/\/informeagropecuario.com.ar\/index.php?rest_route=\/wp\/v2\/users\/1"}],"replies":[{"embeddable":true,"href":"https:\/\/informeagropecuario.com.ar\/index.php?rest_route=%2Fwp%2Fv2%2Fcomments&post=24841"}],"version-history":[{"count":1,"href":"https:\/\/informeagropecuario.com.ar\/index.php?rest_route=\/wp\/v2\/posts\/24841\/revisions"}],"predecessor-version":[{"id":24843,"href":"https:\/\/informeagropecuario.com.ar\/index.php?rest_route=\/wp\/v2\/posts\/24841\/revisions\/24843"}],"wp:featuredmedia":[{"embeddable":true,"href":"https:\/\/informeagropecuario.com.ar\/index.php?rest_route=\/wp\/v2\/media\/24842"}],"wp:attachment":[{"href":"https:\/\/informeagropecuario.com.ar\/index.php?rest_route=%2Fwp%2Fv2%2Fmedia&parent=24841"}],"wp:term":[{"taxonomy":"category","embeddable":true,"href":"https:\/\/informeagropecuario.com.ar\/index.php?rest_route=%2Fwp%2Fv2%2Fcategories&post=24841"},{"taxonomy":"post_tag","embeddable":true,"href":"https:\/\/informeagropecuario.com.ar\/index.php?rest_route=%2Fwp%2Fv2%2Ftags&post=24841"}],"curies":[{"name":"wp","href":"https:\/\/api.w.org\/{rel}","templated":true}]}}