{"id":24844,"date":"2024-09-12T09:22:54","date_gmt":"2024-09-12T12:22:54","guid":{"rendered":"http:\/\/informeagropecuario.com.ar\/?p=24844"},"modified":"2024-09-12T09:22:54","modified_gmt":"2024-09-12T12:22:54","slug":"la-presidenta-de-puerto-quequen-jimena-lopez-presente-en-el-encuentro-argentina-y-africa","status":"publish","type":"post","link":"https:\/\/informeagropecuario.com.ar\/?p=24844","title":{"rendered":"La Presidenta de Puerto Quequ\u00e9n, Jimena L\u00f3pez, presente en el encuentro \u2018Argentina y \u00c1frica\u2019"},"content":{"rendered":"<p class=\"fparrafo ctext fz18 lh25\">El seminario \u2018Argentina y \u00c1frica: un di\u00e1logo estrat\u00e9gico\u2019, realizado el 10 de septiembre, abord\u00f3 la colaboraci\u00f3n pol\u00edtica, comercial y cultural entre Argentina y \u00c1frica. La Lic. Jimena L\u00f3pez form\u00f3 parte del evento, que destac\u00f3 las oportunidades de cooperaci\u00f3n bilateral.<!--more--><\/p>\n<p class=\"selectionShareable\"><strong>El 10 de septiembre, la presidenta del Consorcio de Gesti\u00f3n de <\/strong>Puerto Quequ\u00e9n, Lic. Jimena L\u00f3pez, particip\u00f3 en el seminario \u201cArgentina y \u00c1frica: un di\u00e1logo estrat\u00e9gico\u201d. El evento, convocado por la Secretar\u00eda de Comercio Exterior de la Federaci\u00f3n de Comercio e Industria de la Ciudad de Buenos Aires (FECOBA), se llev\u00f3 a cabo en el sal\u00f3n auditorio de la Escuela de Posgrado de la Universidad Nacional de la Matanza (UNLAM).<\/p>\n<p class=\"selectionShareable\"><strong><img decoding=\"async\" src=\"https:\/\/nden.com.ar\/uploads\/ckeditor\/2024\/09\/20240911125627_imagen-de-whatsapp-2024-09-11-a-las-12-30-55-0676b70a.jpg\" alt=\"\" \/><\/strong><\/p>\n<p class=\"selectionShareable\">Este seminario, coorganizado por la Fundaci\u00f3n Di\u00e1logos Estrat\u00e9gicos y la UNLAM, y auspiciado por la Casa de \u00c1frica en Argentina, la Fundaci\u00f3n Argentina Global y Ethiopian Airlines, reuni\u00f3 a destacadas personalidades para discutir las relaciones entre Argentina y \u00c1frica. El foco del encuentro fue explorar las dimensiones pol\u00edtica, comercial, social y cultural del v\u00ednculo entre ambos continentes.<\/p>\n<p class=\"selectionShareable\">Entre los participantes se encontraron los embajadores del Reino de Marruecos y de la Rep\u00fablica de Sud\u00e1frica, S.E. Fares Yassir y S.E. Zanele Makina. Tambi\u00e9n asistieron la secretaria de Malvinas, Ant\u00e1rtida, Pol\u00edtica Oce\u00e1nica y Atl\u00e1ntico Sur del Ministerio de Relaciones Exteriores, Comercio Internacional y Culto de la Rep\u00fablica Argentina, Emb. Paola Iris Di Chiaro; la Lic. Gladys Lechini, especialista en Ciencias Pol\u00edticas y Relaciones Internacionales; el Lic. N\u00e9stor Restivo, profesor universitario en Historia; y el analista internacional, Dr. Jorge Castro.<\/p>\n<p class=\"selectionShareable\">El evento busc\u00f3 fortalecer los lazos bilaterales y promover nuevas oportunidades de cooperaci\u00f3n entre Argentina y los pa\u00edses africanos.<\/p>\n","protected":false},"excerpt":{"rendered":"<p>El seminario \u2018Argentina y \u00c1frica: un di\u00e1logo estrat\u00e9gico\u2019, realizado el 10 de septiembre, abord\u00f3 la<\/p>\n","protected":false},"author":1,"featured_media":24846,"comment_status":"open","ping_status":"open","sticky":false,"template":"","format":"standard","meta":{"footnotes":""},"categories":[20],"tags":[],"class_list":["post-24844","post","type-post","status-publish","format-standard","has-post-thumbnail","hentry","category-actualidad"],"_links":{"self":[{"href":"https:\/\/informeagropecuario.com.ar\/index.php?rest_route=\/wp\/v2\/posts\/24844","targetHints":{"allow":["GET"]}}],"collection":[{"href":"https:\/\/informeagropecuario.com.ar\/index.php?rest_route=\/wp\/v2\/posts"}],"about":[{"href":"https:\/\/informeagropecuario.com.ar\/index.php?rest_route=\/wp\/v2\/types\/post"}],"author":[{"embeddable":true,"href":"https:\/\/informeagropecuario.com.ar\/index.php?rest_route=\/wp\/v2\/users\/1"}],"replies":[{"embeddable":true,"href":"https:\/\/informeagropecuario.com.ar\/index.php?rest_route=%2Fwp%2Fv2%2Fcomments&post=24844"}],"version-history":[{"count":1,"href":"https:\/\/informeagropecuario.com.ar\/index.php?rest_route=\/wp\/v2\/posts\/24844\/revisions"}],"predecessor-version":[{"id":24847,"href":"https:\/\/informeagropecuario.com.ar\/index.php?rest_route=\/wp\/v2\/posts\/24844\/revisions\/24847"}],"wp:featuredmedia":[{"embeddable":true,"href":"https:\/\/informeagropecuario.com.ar\/index.php?rest_route=\/wp\/v2\/media\/24846"}],"wp:attachment":[{"href":"https:\/\/informeagropecuario.com.ar\/index.php?rest_route=%2Fwp%2Fv2%2Fmedia&parent=24844"}],"wp:term":[{"taxonomy":"category","embeddable":true,"href":"https:\/\/informeagropecuario.com.ar\/index.php?rest_route=%2Fwp%2Fv2%2Fcategories&post=24844"},{"taxonomy":"post_tag","embeddable":true,"href":"https:\/\/informeagropecuario.com.ar\/index.php?rest_route=%2Fwp%2Fv2%2Ftags&post=24844"}],"curies":[{"name":"wp","href":"https:\/\/api.w.org\/{rel}","templated":true}]}}