{"id":24851,"date":"2024-09-16T09:31:27","date_gmt":"2024-09-16T12:31:27","guid":{"rendered":"http:\/\/informeagropecuario.com.ar\/?p=24851"},"modified":"2024-09-16T09:31:27","modified_gmt":"2024-09-16T12:31:27","slug":"milei-presento-el-presupuesto-con-el-foco-en-el-equilibrio-fiscal-no-se-eliminan-las-retenciones-y-espera-recaudar-mas","status":"publish","type":"post","link":"https:\/\/informeagropecuario.com.ar\/?p=24851","title":{"rendered":"Milei present\u00f3 el presupuesto con el foco en el equilibrio fiscal: no se eliminan las retenciones y espera recaudar m\u00e1s"},"content":{"rendered":"<p>El Presidente habl\u00f3 en el Congreso para dar detalles de la ley de leyes; las respuestas del sector productivo<!--more--><\/p>\n<div id=\"body-1\" class=\"body-1 mt-20\">\n<p>El presidente Javier Milei lleg\u00f3 al Congreso para presentar el pr\u00f3ximo presupuesto.<strong>\u00a0En esta instancia, el mandatario destac\u00f3 el foco del equilibrio fiscal y habl\u00f3 de una nueva metodolog\u00eda para calcular el presupuesto.<\/strong><\/p>\n<p><strong>\u201cEl d\u00e9ficit siempre fue consecuencia de pensar primero cu\u00e1nto gastar y despu\u00e9s ver c\u00f3mo financiarlo.<\/strong>\u00a0Nosotros vamos a hacerlo al rev\u00e9s, pensando primero cu\u00e1nto tenemos que ahorrar, para despu\u00e9s ver cu\u00e1nto podemos gastar\u201d, sostuvo durante su discurso.<\/p>\n<p>El sector agroindustrial mostr\u00f3 sus primeras impresiones tras las palabras del mandatario<strong>. El presidente de CIARA-CEC, Gustavo Id\u00edgoras, coment\u00f3: \u201cEl discurso del Presidente muestra una ratificaci\u00f3n de la pol\u00edtica fiscal y monetaria de este gobierno, la que avalamos y apoyamos plenamente\u201d.<\/strong><\/p>\n<p>Adem\u00e1s, resalt\u00f3 que sin super\u00e1vit fiscal no se puede recuperar la econom\u00eda.\u00a0Sin embargo, hizo una nota al pie de p\u00e1gina sobre la producci\u00f3n: \u201cAhora tenemos que trabajar en lograr un super\u00e1vit comercial a trav\u00e9s de un fuerte crecimiento exportador con valor agregado\u201d.<\/p>\n<\/div>\n<div id=\"body-2\">\n<div id=\"body-2\" class=\"body-2 mt-20\">\n<p>Milei no hizo alusi\u00f3n al campo directamente, pero habl\u00f3 de la baja de impuestos.\u00a0<strong>El sector espera recibir buenas noticias en un corto plazo para potenciar la producci\u00f3n.<\/strong><\/p>\n<p><strong>El proyecto de ley estima un aumento en la recaudaci\u00f3n por los derechos de exportaci\u00f3n.<\/strong>\u00a0El texto menciona $10.712.570,9 millones, un incremento del 100,4 %.\u00a0Las retenciones est\u00e1n lejos de ser eliminadas.<\/p>\n<p>El presidente de Coninagro, Elbio Laucirica, dijo que, si bien no hubo anuncios espec\u00edficos para el sector, se ratific\u00f3 un rumbo de gobierno basado en el equilibrio fiscal y en un Estado abocado a sus funciones espec\u00edficas, evitando gastos innecesarios. \u201cDestac\u00f3 continuar con la liberaci\u00f3n y desregulaci\u00f3n de la econom\u00eda, y ratific\u00f3 el compromiso de disminuir la alta carga tributaria, cuando se alcance el equilibrio fiscal\u201d, se\u00f1al\u00f3 Laucirica a Valor Agro.<\/p>\n<p><strong>En este sentido, Id\u00edgoras, destac\u00f3 que la agroindustria est\u00e1 lista para responder a ese desaf\u00edo.<\/strong>\u00a0\u201cNecesitamos un tipo de cambio unificado, la eliminaci\u00f3n del cepo y de todas las restricciones que aplica el BCRA que fueron heredadas por este gobierno\u201d, apunt\u00f3.<\/p>\n<\/div>\n<p><img fetchpriority=\"high\" decoding=\"async\" class=\"\" src=\"https:\/\/admin-news.agrofy.com.ar\/sites\/default\/files\/retencooness.jpg\" sizes=\"100vw\" srcset=\"https:\/\/admin-news.agrofy.com.ar\/sites\/default\/files\/retencooness.jpg 640w, https:\/\/admin-news.agrofy.com.ar\/sites\/default\/files\/retencooness.jpg 750w, https:\/\/admin-news.agrofy.com.ar\/sites\/default\/files\/retencooness.jpg 828w, https:\/\/admin-news.agrofy.com.ar\/sites\/default\/files\/retencooness.jpg 1080w, https:\/\/admin-news.agrofy.com.ar\/sites\/default\/files\/retencooness.jpg 1200w, https:\/\/admin-news.agrofy.com.ar\/sites\/default\/files\/retencooness.jpg 1920w, https:\/\/admin-news.agrofy.com.ar\/sites\/default\/files\/retencooness.jpg 2048w, https:\/\/admin-news.agrofy.com.ar\/sites\/default\/files\/retencooness.jpg 3840w\" alt=\"\" width=\"454\" height=\"249\" data-nimg=\"responsive\" \/><\/p>\n<div id=\"body-2\" class=\"body-2 mt-20\"><\/div>\n<\/div>\n<div class=\"m-full-width no-loaded-banner\"><\/div>\n<div id=\"body-3\">\n<div id=\"body-3\" class=\"body-3 mt-20\">\n<h2>Milei present\u00f3 el presupuesto<\/h2>\n<p>El Presidente se refiri\u00f3 al proyecto de ley y destac\u00f3 que la\u00a0<strong>nueva metodolog\u00eda va a blindar el equilibrio fiscal<\/strong>\u00a0para siempre, terminando con el castigo de la deuda y la emisi\u00f3n. Tambi\u00e9n, explic\u00f3 que va a obligar al Estado a hacerse cargo y absorber los efectos de las perturbaciones en la econom\u00eda.<\/p>\n<p>Por otra parte, se\u00f1al\u00f3 que cuando haya mejoras permanentes, va a obligar a\u00a0<strong>devolver el exceso de recaudaci\u00f3n a la sociedad a trav\u00e9s de la reducci\u00f3n de impuestos.<\/strong><\/p>\n<p>Por \u00faltimo, envi\u00f3 un mensaje a los gobernadores:\u00a0\u201cCumplir el compromiso de bajar el gasto p\u00fablico consolidado a 25 puntos del PBI requiere que las provincias, en su conjunto, hagan un ajuste adicional de 60.000 millones de d\u00f3lares. Nosotros ya hemos cumplido nuestra parte del acuerdo. Ahora faltan ustedes\u201d.<\/p>\n<\/div>\n<\/div>\n","protected":false},"excerpt":{"rendered":"<p>El Presidente habl\u00f3 en el Congreso para dar detalles de la ley de leyes; las<\/p>\n","protected":false},"author":1,"featured_media":24853,"comment_status":"open","ping_status":"open","sticky":false,"template":"","format":"standard","meta":{"footnotes":""},"categories":[20],"tags":[],"class_list":["post-24851","post","type-post","status-publish","format-standard","has-post-thumbnail","hentry","category-actualidad"],"_links":{"self":[{"href":"https:\/\/informeagropecuario.com.ar\/index.php?rest_route=\/wp\/v2\/posts\/24851","targetHints":{"allow":["GET"]}}],"collection":[{"href":"https:\/\/informeagropecuario.com.ar\/index.php?rest_route=\/wp\/v2\/posts"}],"about":[{"href":"https:\/\/informeagropecuario.com.ar\/index.php?rest_route=\/wp\/v2\/types\/post"}],"author":[{"embeddable":true,"href":"https:\/\/informeagropecuario.com.ar\/index.php?rest_route=\/wp\/v2\/users\/1"}],"replies":[{"embeddable":true,"href":"https:\/\/informeagropecuario.com.ar\/index.php?rest_route=%2Fwp%2Fv2%2Fcomments&post=24851"}],"version-history":[{"count":1,"href":"https:\/\/informeagropecuario.com.ar\/index.php?rest_route=\/wp\/v2\/posts\/24851\/revisions"}],"predecessor-version":[{"id":24854,"href":"https:\/\/informeagropecuario.com.ar\/index.php?rest_route=\/wp\/v2\/posts\/24851\/revisions\/24854"}],"wp:featuredmedia":[{"embeddable":true,"href":"https:\/\/informeagropecuario.com.ar\/index.php?rest_route=\/wp\/v2\/media\/24853"}],"wp:attachment":[{"href":"https:\/\/informeagropecuario.com.ar\/index.php?rest_route=%2Fwp%2Fv2%2Fmedia&parent=24851"}],"wp:term":[{"taxonomy":"category","embeddable":true,"href":"https:\/\/informeagropecuario.com.ar\/index.php?rest_route=%2Fwp%2Fv2%2Fcategories&post=24851"},{"taxonomy":"post_tag","embeddable":true,"href":"https:\/\/informeagropecuario.com.ar\/index.php?rest_route=%2Fwp%2Fv2%2Ftags&post=24851"}],"curies":[{"name":"wp","href":"https:\/\/api.w.org\/{rel}","templated":true}]}}