{"id":24858,"date":"2024-09-17T08:35:28","date_gmt":"2024-09-17T11:35:28","guid":{"rendered":"http:\/\/informeagropecuario.com.ar\/?p=24858"},"modified":"2024-09-17T08:35:28","modified_gmt":"2024-09-17T11:35:28","slug":"puerto-quequen-lanza-comunidad-portuaria","status":"publish","type":"post","link":"https:\/\/informeagropecuario.com.ar\/?p=24858","title":{"rendered":"Puerto Quequ\u00e9n lanza &#8216;Comunidad Portuaria&#8217;"},"content":{"rendered":"<p class=\"fparrafo ctext fz18 lh25\">El Consorcio de Gesti\u00f3n del Puerto de Quequ\u00e9n present\u00f3 &#8216;Comunidad Portuaria&#8217;, una serie de contenidos digitales para mostrar el trabajo en el puerto. El primer cap\u00edtulo se enfoca en &#8216;Pier Doce&#8217;, presentando una entrevista con Mat\u00edas Mazza, Responsable Administrativo, y detalles sobre la operaci\u00f3n de la terminal.<!--more--><\/p>\n<div class=\"wysiwyg mb15 texto_nota\">\n<p><strong>Esta lunes, el Consorcio de Gesti\u00f3n del Puerto de Quequ\u00e9n present\u00f3 \u00abComunidad Portuaria,\u00bb un nuevo ciclo de contenidos digitales destinado a ofrecer una visi\u00f3n m\u00e1s cercana y transparente de las actividades del puerto. El primer episodio de esta serie, titulado \u00abPier Doce,\u00bb se enfoca en una de las principales terminales del puerto.<\/strong><\/p>\n<p class=\"selectionShareable\">\n<p class=\"selectionShareable\">El cap\u00edtulo inaugural muestra el trabajo que se realiza en \u00abPier Doce\u00bb a trav\u00e9s de una entrevista con Mat\u00edas Mazza, Contador y Responsable Administrativo de la terminal. Adem\u00e1s, el episodio incluye una serie de im\u00e1genes que ilustran la operaci\u00f3n diaria de esta terminal. \u00abComunidad Portuaria\u00bb tiene como objetivo cambiar el paradigma de la cadena agroexportadora tradicional, caracterizada por eslabones aislados, y avanzar hacia un modelo de red de valor colaborativa. La serie, que se publicar\u00e1 semanalmente en las redes sociales del puerto, destacar\u00e1 los testimonios de los protagonistas log\u00edsticos, productivos, comerciales y sociales que contribuyen al funcionamiento del puerto.<\/p>\n<p class=\"selectionShareable\"><strong>El Consorcio busca fortalecer la imagen corporativa del puerto, promoviendo un sentido de pertenencia que impulse la productividad, eficiencia y sostenibilidad mediante el trabajo en equipo con objetivos comunes.<\/strong><\/p>\n<p class=\"selectionShareable\">Para seguir el ciclo y conocer m\u00e1s sobre las actividades de Puerto Quequ\u00e9n, se invita a la comunidad a visitar las redes sociales del Consorcio de Gesti\u00f3n.<\/p>\n<\/div>\n<div id=\"modulo_banners_bajo_noticia\" class=\"\"><\/div>\n","protected":false},"excerpt":{"rendered":"<p>El Consorcio de Gesti\u00f3n del Puerto de Quequ\u00e9n present\u00f3 &#8216;Comunidad Portuaria&#8217;, una serie de contenidos<\/p>\n","protected":false},"author":1,"featured_media":24859,"comment_status":"open","ping_status":"open","sticky":false,"template":"","format":"standard","meta":{"footnotes":""},"categories":[20],"tags":[],"class_list":["post-24858","post","type-post","status-publish","format-standard","has-post-thumbnail","hentry","category-actualidad"],"_links":{"self":[{"href":"https:\/\/informeagropecuario.com.ar\/index.php?rest_route=\/wp\/v2\/posts\/24858","targetHints":{"allow":["GET"]}}],"collection":[{"href":"https:\/\/informeagropecuario.com.ar\/index.php?rest_route=\/wp\/v2\/posts"}],"about":[{"href":"https:\/\/informeagropecuario.com.ar\/index.php?rest_route=\/wp\/v2\/types\/post"}],"author":[{"embeddable":true,"href":"https:\/\/informeagropecuario.com.ar\/index.php?rest_route=\/wp\/v2\/users\/1"}],"replies":[{"embeddable":true,"href":"https:\/\/informeagropecuario.com.ar\/index.php?rest_route=%2Fwp%2Fv2%2Fcomments&post=24858"}],"version-history":[{"count":2,"href":"https:\/\/informeagropecuario.com.ar\/index.php?rest_route=\/wp\/v2\/posts\/24858\/revisions"}],"predecessor-version":[{"id":24894,"href":"https:\/\/informeagropecuario.com.ar\/index.php?rest_route=\/wp\/v2\/posts\/24858\/revisions\/24894"}],"wp:featuredmedia":[{"embeddable":true,"href":"https:\/\/informeagropecuario.com.ar\/index.php?rest_route=\/wp\/v2\/media\/24859"}],"wp:attachment":[{"href":"https:\/\/informeagropecuario.com.ar\/index.php?rest_route=%2Fwp%2Fv2%2Fmedia&parent=24858"}],"wp:term":[{"taxonomy":"category","embeddable":true,"href":"https:\/\/informeagropecuario.com.ar\/index.php?rest_route=%2Fwp%2Fv2%2Fcategories&post=24858"},{"taxonomy":"post_tag","embeddable":true,"href":"https:\/\/informeagropecuario.com.ar\/index.php?rest_route=%2Fwp%2Fv2%2Ftags&post=24858"}],"curies":[{"name":"wp","href":"https:\/\/api.w.org\/{rel}","templated":true}]}}