{"id":24918,"date":"2024-09-19T21:26:31","date_gmt":"2024-09-20T00:26:31","guid":{"rendered":"http:\/\/informeagropecuario.com.ar\/?p=24918"},"modified":"2024-09-19T22:18:50","modified_gmt":"2024-09-20T01:18:50","slug":"ruralistas-analizaron-la-proxima-campana-agricola-las-retenciones-el-comercio-con-la-ue-y-la-relacion-campo-industria","status":"publish","type":"post","link":"https:\/\/informeagropecuario.com.ar\/?p=24918","title":{"rendered":"Ruralistas analizaron la pr\u00f3xima campa\u00f1a agr\u00edcola, las retenciones, el comercio con la UE y la relaci\u00f3n campo-industria"},"content":{"rendered":"\r\n<p>l Seminario Acsoja 2024 se realiz\u00f3 hoy en la Bolsa de Comercio de Rosario y conto con la participaci\u00f3n de los representantes de la Comisi\u00f3n de Enlace de Entidades Agropecuarias, en el panel titulado \u201cDesaf\u00edos colectivos y propuestas integrales para potenciar la cadena\u201d.<!--more--><\/p>\r\n\r\n\r\n\r\n<p>Moderado por Ricardo Bergmann, el panel incluy\u00f3 a Nicol\u00e1s Pino, presidente de la Sociedad Rural Argentina; Carlos Castagnani, presidente de Confederaciones Rurales Argentinas (CRA); Elbio Laucirica, presidente de Coninagro y Andrea Sarnari, representante de Federaci\u00f3n Agraria (candidata a presidir la entidad).<\/p>\r\n\r\n\r\n\r\n<p>En sus intervenciones, abordaron la situaci\u00f3n de los productores de cara a la campa\u00f1a agr\u00edcola 2024-2025, las retenciones, las pol\u00edticas oficiales, las regulaciones de la Uni\u00f3n Europea y la brecha campo-ciudad y campo-industria.<\/p>\r\n\r\n\r\n\r\n<p><strong>Campa\u00f1a agr\u00edcola 2024-2025<\/strong><\/p>\r\n\r\n\r\n\r\n<p>Nicol\u00e1s Pino expres\u00f3 su preocupaci\u00f3n por la incertidumbre en el sector, destacando que el escenario actual de precios es adverso y que los costos en Argentina son elevados. \u201cHay un escenario de quebranto en los campos alquilados, y en los campos propios los m\u00e1rgenes son extremadamente finos\u201d, afirm\u00f3. Advirti\u00f3 que toda la situaci\u00f3n, tanto en soja como en ma\u00edz, obliga a replantear la estrategia productiva.<\/p>\r\n\r\n\r\n\r\n<p>Andrea Sarnari coincidi\u00f3 en que los m\u00e1rgenes son muy ajustados. \u201cEl margen bruto de soja cubre entre 19 y 20 quintales solo en insumos y laboreo, sin contar el arrendamiento. Los n\u00fameros son negativos\u201d, explic\u00f3. Tambi\u00e9n destac\u00f3 tambi\u00e9n el problema de que los productores no logran financiamiento.<\/p>\r\n\r\n\r\n\r\n<p>Carlos Castagnani reconoci\u00f3 que, a pesar de las dificultades, el \u00e1nimo del productor sigue intacto: \u201cEl esp\u00edritu es seguir aportando y produciendo, incluso con las inc\u00f3gnitas que plantea el futuro\u201d.<\/p>\r\n\r\n\r\n\r\n<p>Elbio Laucirica destac\u00f3 el crecimiento de las cooperativas en los \u00faltimos a\u00f1os (8,6% seg\u00fan sus datos) y afirm\u00f3 que este crecimiento se debe a la colaboraci\u00f3n y al financiamiento propio de las cooperativas. Sin embargo, advirti\u00f3 que muchos productores ya no pueden soportar la situaci\u00f3n econ\u00f3mica actual y que es necesario un alivio fiscal urgente.<\/p>\r\n\r\n\r\n\r\n<p><strong>Retenciones<\/strong><\/p>\r\n\r\n\r\n\r\n<p>Todos los dirigentes reiteraron su reclamo de la baja o quita de las retenciones a las exportaciones agropecuarias. Pino calific\u00f3 la continuidad de ese tributo como \u201cobscena\u201d y apuntando a la soja, dijo que son \u201ccasi confiscatorias\u201d. A pesar de los reclamos, llam\u00f3 a buscar alternativas: \u201cHay que insistir al Gobierno en que debemos poder vender y comprar al mismo d\u00f3lar\u201d.<\/p>\r\n\r\n\r\n\r\n<p>Sarnari destac\u00f3 que la previsibilidad en las pol\u00edticas fiscales es fundamental para que el productor no deje de incorporar tecnolog\u00eda. \u201cLa baja de retenciones nos permitir\u00eda tener un margen para invertir y mejorar la productividad\u201d, sostuvo.<\/p>\r\n\r\n\r\n\r\n<p>Carlos Castagnani consider\u00f3 que el Gobierno no va a reducir las retenciones en el corto plazo, por lo que inst\u00f3 a planificar \u201calternativas consensuadas sumando a las entidades de toda la cadena\u201d para compensar el costo fiscal de una rebaja de las al\u00edcuotas de las rentenciones.<\/p>\r\n\r\n\r\n\r\n<p>Aunque destac\u00f3 que se est\u00e1n viendo cambios, Laucirica record\u00f3 que existen m\u00e1s de 100 regulaciones en la econom\u00eda agropecuaria. \u201cEsperamos que este nuevo paradigma (de Gobierno) se consolide y marque el fin de una etapa pol\u00edtica para empezar otra\u201d, se\u00f1al\u00f3.<\/p>\r\n\r\n\r\n\r\n<p><strong>Exportaciones sin deforestaci\u00f3n<\/strong><\/p>\r\n\r\n\r\n\r\n<p>En relaci\u00f3n a la normativa de la Uni\u00f3n Europea que impide comprar soja y carne provenientes de \u00e1reas deforestadas despu\u00e9s de 2020, Nicol\u00e1s Pino manifest\u00f3 su desacuerdo, aunque subray\u00f3 que se deben brindar a los productores las herramientas necesarias para cumplir con los requisitos de exportaci\u00f3n. \u201cNo estamos a favor de la medida, pero entendemos que el comprador pone sus reglas\u201d, afirm\u00f3.<\/p>\r\n\r\n\r\n\r\n<p>Sarnari destac\u00f3 que, aunque la normativa de la UE no depende de Argentina, es necesario adaptarse para no quedar fuera del mercado. En contraste, Carlos Castagnani sostuvo que desde CRA tienen otra visi\u00f3n, y por ello decidieron retirarse de la plataforma Visec que certifica la producci\u00f3n libre de deforestaci\u00f3n.<\/p>\r\n\r\n\r\n\r\n<p>Laucirica enfatiz\u00f3 que Argentina tiene la capacidad de producir con una baja huella de carbono y que esto deber\u00eda ser una ventaja competitiva: \u201cEstamos frente a una oportunidad sin igual; podemos ser el supermercado del mundo\u201d, afirm\u00f3.<\/p>\r\n\r\n\r\n\r\n<p><strong>Brechas<\/strong><\/p>\r\n\r\n\r\n\r\n<p>Finalmente, sobre la relaci\u00f3n entre el campo y la industria, Andrea Sarnari destac\u00f3 que no debe haber competencia entre segmentos, sino estrategias para fortalecer toda la cadena productiva, llev\u00e1ndose el valor agregado a los territorios.<\/p>\r\n\r\n\r\n\r\n<p>Carlos Castagnani resalt\u00f3 que es crucial trabajar en conjunto, \u201cdejando de lado los egos\u201d, mientras que Elbio Laucirica inst\u00f3 a terminar con las antinomias entre campo y ciudad y entre campo e industria. \u201cNos necesitamos mutuamente; la agroindustria nos da el valor agregado y debemos trabajar en colaboraci\u00f3n\u201d, concluy\u00f3.<\/p>\r\n","protected":false},"excerpt":{"rendered":"<p>l Seminario Acsoja 2024 se realiz\u00f3 hoy en la Bolsa de Comercio de Rosario y<\/p>\n","protected":false},"author":1,"featured_media":24919,"comment_status":"open","ping_status":"open","sticky":false,"template":"","format":"standard","meta":{"footnotes":""},"categories":[20],"tags":[],"class_list":["post-24918","post","type-post","status-publish","format-standard","has-post-thumbnail","hentry","category-actualidad"],"_links":{"self":[{"href":"https:\/\/informeagropecuario.com.ar\/index.php?rest_route=\/wp\/v2\/posts\/24918","targetHints":{"allow":["GET"]}}],"collection":[{"href":"https:\/\/informeagropecuario.com.ar\/index.php?rest_route=\/wp\/v2\/posts"}],"about":[{"href":"https:\/\/informeagropecuario.com.ar\/index.php?rest_route=\/wp\/v2\/types\/post"}],"author":[{"embeddable":true,"href":"https:\/\/informeagropecuario.com.ar\/index.php?rest_route=\/wp\/v2\/users\/1"}],"replies":[{"embeddable":true,"href":"https:\/\/informeagropecuario.com.ar\/index.php?rest_route=%2Fwp%2Fv2%2Fcomments&post=24918"}],"version-history":[{"count":2,"href":"https:\/\/informeagropecuario.com.ar\/index.php?rest_route=\/wp\/v2\/posts\/24918\/revisions"}],"predecessor-version":[{"id":24928,"href":"https:\/\/informeagropecuario.com.ar\/index.php?rest_route=\/wp\/v2\/posts\/24918\/revisions\/24928"}],"wp:featuredmedia":[{"embeddable":true,"href":"https:\/\/informeagropecuario.com.ar\/index.php?rest_route=\/wp\/v2\/media\/24919"}],"wp:attachment":[{"href":"https:\/\/informeagropecuario.com.ar\/index.php?rest_route=%2Fwp%2Fv2%2Fmedia&parent=24918"}],"wp:term":[{"taxonomy":"category","embeddable":true,"href":"https:\/\/informeagropecuario.com.ar\/index.php?rest_route=%2Fwp%2Fv2%2Fcategories&post=24918"},{"taxonomy":"post_tag","embeddable":true,"href":"https:\/\/informeagropecuario.com.ar\/index.php?rest_route=%2Fwp%2Fv2%2Ftags&post=24918"}],"curies":[{"name":"wp","href":"https:\/\/api.w.org\/{rel}","templated":true}]}}