{"id":24986,"date":"2024-09-26T12:08:39","date_gmt":"2024-09-26T15:08:39","guid":{"rendered":"http:\/\/informeagropecuario.com.ar\/?p=24986"},"modified":"2024-09-26T12:08:39","modified_gmt":"2024-09-26T15:08:39","slug":"seccionales-de-la-uatre-salieron-a-respaldar-a-su-secretario-general","status":"publish","type":"post","link":"https:\/\/informeagropecuario.com.ar\/?p=24986","title":{"rendered":"Seccionales de la Uatre salieron a respaldar a su secretario general"},"content":{"rendered":"<p><strong>La Delegaci\u00f3n Regional Sudeste de la Uni\u00f3n Argentina de Trabajadores Rurales y Estibadores (Uatre)<\/strong> aclar\u00f3 que ninguno de sus integrantes suscribi\u00f3 o adhiri\u00f3 a notas sobre\u00a0<strong>\u201caparentes planteos personales en contra del secretario general y el secretariado nacional\u201d.<\/strong><!--more--><\/p>\n<p>La entidad puntualiz\u00f3 que \u201cespacios period\u00edsticos pagos por los mismos interesados\u201d difundieron\u00a0<strong>\u201cimputaciones falsas\u201d,<\/strong>\u00a0y record\u00f3 que \u201cni las redes sociales ni los medios de informaci\u00f3n privada suplen la decisi\u00f3n del m\u00e1ximo \u00f3rgano de la Uatre\u201d, su congreso nacional.<\/p>\n<p>\u201cCreemos, como organizaci\u00f3n sindical, sin perjuicio de las deliberaciones que se lleven a cabo internamente por este asunto, que la falta de acuerdo con la conducci\u00f3n nacional no\u00a0<strong>da derecho a la difamaci\u00f3n p\u00fablica abierta a nuestro secretario general, Jos\u00e9 Voytenco, en espacios period\u00edsticos pagos y poniendo en riesgo la institucionalidad\u201d,<\/strong>\u00a0indic\u00f3 en un comunicado.<\/p>\n<p>\u201cDesde esta Delegaci\u00f3n,\u00a0<strong>reafirmamos nuestro apoyo incondicional al secretariado nacional y hacemos un llamado a la unidad y al respeto por la instituci\u00f3n que representamos\u201d,<\/strong>\u00a0agreg\u00f3.<\/p>\n<p>El comunicado fue suscripto por las seccionales de Mar del Plata, Lober\u00eda, Olavarr\u00eda, Azul, Rauch, Ayacucho, Balcarce, Tres Arroyos, Benito Ju\u00e1rez, San Cayetano, Gonzales Chaves, General Madariaga y Coronel Vidal.<\/p>\n<p>\u201cReiteramos nuestro compromiso con la lucha por los derechos de los trabajadores rurales y afirmamos que,\u00a0<strong>en tiempos de adversidad, es fundamental permanecer unidos y defender nuestra organizaci\u00f3n\u201d,<\/strong>\u00a0cerr\u00f3 el escrito.<\/p>\n","protected":false},"excerpt":{"rendered":"<p>La Delegaci\u00f3n Regional Sudeste de la Uni\u00f3n Argentina de Trabajadores Rurales y Estibadores (Uatre) aclar\u00f3<\/p>\n","protected":false},"author":1,"featured_media":24988,"comment_status":"open","ping_status":"open","sticky":false,"template":"","format":"standard","meta":{"footnotes":""},"categories":[20],"tags":[],"class_list":["post-24986","post","type-post","status-publish","format-standard","has-post-thumbnail","hentry","category-actualidad"],"_links":{"self":[{"href":"https:\/\/informeagropecuario.com.ar\/index.php?rest_route=\/wp\/v2\/posts\/24986","targetHints":{"allow":["GET"]}}],"collection":[{"href":"https:\/\/informeagropecuario.com.ar\/index.php?rest_route=\/wp\/v2\/posts"}],"about":[{"href":"https:\/\/informeagropecuario.com.ar\/index.php?rest_route=\/wp\/v2\/types\/post"}],"author":[{"embeddable":true,"href":"https:\/\/informeagropecuario.com.ar\/index.php?rest_route=\/wp\/v2\/users\/1"}],"replies":[{"embeddable":true,"href":"https:\/\/informeagropecuario.com.ar\/index.php?rest_route=%2Fwp%2Fv2%2Fcomments&post=24986"}],"version-history":[{"count":1,"href":"https:\/\/informeagropecuario.com.ar\/index.php?rest_route=\/wp\/v2\/posts\/24986\/revisions"}],"predecessor-version":[{"id":24989,"href":"https:\/\/informeagropecuario.com.ar\/index.php?rest_route=\/wp\/v2\/posts\/24986\/revisions\/24989"}],"wp:featuredmedia":[{"embeddable":true,"href":"https:\/\/informeagropecuario.com.ar\/index.php?rest_route=\/wp\/v2\/media\/24988"}],"wp:attachment":[{"href":"https:\/\/informeagropecuario.com.ar\/index.php?rest_route=%2Fwp%2Fv2%2Fmedia&parent=24986"}],"wp:term":[{"taxonomy":"category","embeddable":true,"href":"https:\/\/informeagropecuario.com.ar\/index.php?rest_route=%2Fwp%2Fv2%2Fcategories&post=24986"},{"taxonomy":"post_tag","embeddable":true,"href":"https:\/\/informeagropecuario.com.ar\/index.php?rest_route=%2Fwp%2Fv2%2Ftags&post=24986"}],"curies":[{"name":"wp","href":"https:\/\/api.w.org\/{rel}","templated":true}]}}