{"id":24991,"date":"2024-09-26T15:36:22","date_gmt":"2024-09-26T18:36:22","guid":{"rendered":"http:\/\/informeagropecuario.com.ar\/?p=24991"},"modified":"2024-09-26T15:36:22","modified_gmt":"2024-09-26T18:36:22","slug":"jimena-lopez-confirmo-la-prorroga-de-terminal-quequen-para-poder-licitar","status":"publish","type":"post","link":"https:\/\/informeagropecuario.com.ar\/?p=24991","title":{"rendered":"Jimena L\u00f3pez confirm\u00f3 la pr\u00f3rroga de Terminal Quequ\u00e9n para poder licitar"},"content":{"rendered":"<p>La Presidenta del Consorcio de Gesti\u00f3n del Puerto de Quequ\u00e9n, dentro de las facultades que le confiere el reglamento interno del ente portuario, firm\u00f3 ante los medios de comunicaci\u00f3n la propuesta.<!--more--><\/p>\n<p>La Presidenta del Consorcio de Gesti\u00f3n del Puerto de Quequ\u00e9n, Lic. Jimena L\u00f3pez, dentro de las facultades que le confiere el reglamento interno del ente portuario, le propuso a Terminal Quequ\u00e9n un permiso de uso por el t\u00e9rmino de un a\u00f1o, en las mismas condiciones en las que se encuentra hoy.<\/p>\n<p>De este modo, se garantizar\u00eda la continuidad de la operatoria portuaria en los sitios 4,5 y 6 por el t\u00e9rmino de un a\u00f1o, adem\u00e1s de las condiciones laborales de las cien familias que se nutren de las actividades que ah\u00ed se desarrollan.<\/p>\n<p>Vale aclarar que se considera al t\u00e9rmino de un a\u00f1o m\u00e1s que prudencial para el tratamiento del pliego y la licitaci\u00f3n nacional e internacional que por ley se debe cumplir.<\/p>\n<p>A partir de esta propuesta, y de ser aceptada, Terminal Quequ\u00e9n cuenta con todas las herramientas disponibles para continuar prestando el servicio con todo lo que esto conlleva para la operatoria portuaria y los trabajadores que dependen de ello.<\/p>\n<p>As\u00ed, la titular del ente portuario, en conferencia de prensa, indic\u00f3 que \u201cel mandato del Gobernador de la Provincia de Buenos Aires, Axel Kicillof, es licitar pensando en la transparencia y la certidumbre para el sector de la agroexportaci\u00f3n\u201d.<\/p>\n<p>A continuaci\u00f3n, indic\u00f3 que \u201cla idea de licitar es otorgar seguridad jur\u00eddica\u201d, porque \u201clas sucesiones de las pr\u00f3rrogas lo \u00fanico que hacen es generar que todos los a\u00f1os se repita un contexto de alt\u00edsimo nivel de incertidumbre, para los trabajadores que son el motor de la terminal y para el sector, debido a que es un trabajo calendarizado que necesita previsibilidad\u201d.<\/p>\n<p>Adem\u00e1s, precis\u00f3 que \u201cse ha ofrecido la posibilidad de un estudio de abogados de renombre con expertise en licitaciones internacionales sea quien eval\u00fae, evitando as\u00ed cualquier sospecha de sesgo de que el pliego pueda estar direccionado\u201d.<\/p>\n<p>En ese sentido, sum\u00f3 que \u201cesa propuesta va a ser elevada al directorio para que sean ellos quienes elijan el estudio jur\u00eddico\u201d, ya que \u201cno es facultad de esta presidencia elegir cual ser\u00e1, pero s\u00ed que haya alguien externo para que eval\u00fae los alcances de esa licitaci\u00f3n\u201d.<\/p>\n<p>Finalmente reforz\u00f3 la idea de que \u201cel eje de la transparencia est\u00e1 dado por una licitaci\u00f3n en donde todos los oferentes puedan competir libremente que es una estructura que el sector demanda hace\u00a0muchos\u00a0a\u00f1os\u201d.<\/p>\n","protected":false},"excerpt":{"rendered":"<p>La Presidenta del Consorcio de Gesti\u00f3n del Puerto de Quequ\u00e9n, dentro de las facultades que<\/p>\n","protected":false},"author":1,"featured_media":24992,"comment_status":"open","ping_status":"open","sticky":false,"template":"","format":"standard","meta":{"footnotes":""},"categories":[20],"tags":[],"class_list":["post-24991","post","type-post","status-publish","format-standard","has-post-thumbnail","hentry","category-actualidad"],"_links":{"self":[{"href":"https:\/\/informeagropecuario.com.ar\/index.php?rest_route=\/wp\/v2\/posts\/24991","targetHints":{"allow":["GET"]}}],"collection":[{"href":"https:\/\/informeagropecuario.com.ar\/index.php?rest_route=\/wp\/v2\/posts"}],"about":[{"href":"https:\/\/informeagropecuario.com.ar\/index.php?rest_route=\/wp\/v2\/types\/post"}],"author":[{"embeddable":true,"href":"https:\/\/informeagropecuario.com.ar\/index.php?rest_route=\/wp\/v2\/users\/1"}],"replies":[{"embeddable":true,"href":"https:\/\/informeagropecuario.com.ar\/index.php?rest_route=%2Fwp%2Fv2%2Fcomments&post=24991"}],"version-history":[{"count":1,"href":"https:\/\/informeagropecuario.com.ar\/index.php?rest_route=\/wp\/v2\/posts\/24991\/revisions"}],"predecessor-version":[{"id":24993,"href":"https:\/\/informeagropecuario.com.ar\/index.php?rest_route=\/wp\/v2\/posts\/24991\/revisions\/24993"}],"wp:featuredmedia":[{"embeddable":true,"href":"https:\/\/informeagropecuario.com.ar\/index.php?rest_route=\/wp\/v2\/media\/24992"}],"wp:attachment":[{"href":"https:\/\/informeagropecuario.com.ar\/index.php?rest_route=%2Fwp%2Fv2%2Fmedia&parent=24991"}],"wp:term":[{"taxonomy":"category","embeddable":true,"href":"https:\/\/informeagropecuario.com.ar\/index.php?rest_route=%2Fwp%2Fv2%2Fcategories&post=24991"},{"taxonomy":"post_tag","embeddable":true,"href":"https:\/\/informeagropecuario.com.ar\/index.php?rest_route=%2Fwp%2Fv2%2Ftags&post=24991"}],"curies":[{"name":"wp","href":"https:\/\/api.w.org\/{rel}","templated":true}]}}