{"id":24994,"date":"2024-09-26T15:39:21","date_gmt":"2024-09-26T18:39:21","guid":{"rendered":"http:\/\/informeagropecuario.com.ar\/?p=24994"},"modified":"2024-09-26T15:39:21","modified_gmt":"2024-09-26T18:39:21","slug":"los-pequenos-productores-estan-siendo-olvidados","status":"publish","type":"post","link":"https:\/\/informeagropecuario.com.ar\/?p=24994","title":{"rendered":"\u00abLos peque\u00f1os productores est\u00e1n siendo olvidados\u00bb"},"content":{"rendered":"<p class=\"description mainfont\">En el marco del 110\u00b0 Congreso Anual Ordinario de la Federaci\u00f3n Agraria Argentina (FAA), Elvio Gu\u00eda, presidente de la entidad, inaugur\u00f3 el evento con un discurso cargado de desaf\u00edos y reclamos hacia el gobierno nacional.<!--more--><\/p>\n<p>Resalt\u00f3 la dif\u00edcil situaci\u00f3n por la que atraviesan los peque\u00f1os y medianos productores agropecuarios.<\/p>\n<p>Egu\u00eda comenz\u00f3 su intervenci\u00f3n rindiendo homenaje al fallecido Carlos Achetoni, su antecesor en el cargo, destacando su compromiso y esfuerzo durante la pandemia y en la defensa de los productores m\u00e1s vulnerables. \u00abNo hubiera imaginado estar hoy aqu\u00ed en estas circunstancias\u00bb, afirm\u00f3 visiblemente conmovido, aludiendo a la tr\u00e1gica p\u00e9rdida de quien fuera un pilar en la FAA.<\/p>\n<p>En su discurso, el dirigente agrario traz\u00f3 un duro diagn\u00f3stico sobre la actualidad del sector, se\u00f1alando que las pol\u00edticas implementadas por el gobierno han priorizado cuestiones macroecon\u00f3micas, dejando a los productores agropecuarios en un segundo plano. \u00abLa inflaci\u00f3n, el aumento en las tarifas p\u00fablicas y la presi\u00f3n impositiva nos han golpeado fuertemente\u00bb, sostuvo, subrayando c\u00f3mo estos factores han afectado de manera particular a los productores de menor escala y de la agricultura familiar, a quienes calific\u00f3 de \u00abtotalmente desprotegidos y olvidados\u00bb.<\/p>\n<p>Gu\u00eda tambi\u00e9n critic\u00f3 la falta de modificaciones en las retenciones a las exportaciones agropecuarias, una promesa de campa\u00f1a del presidente Milei que, seg\u00fan \u00e9l, a\u00fan no ha sido cumplida. \u00abNo puede pasar mucho m\u00e1s tiempo sin que el gobierno nos brinde soluciones. Las retenciones fueron implementadas en una crisis, pero esa crisis ya no es la misma\u00bb, expres\u00f3 con firmeza, exigiendo una pronta revisi\u00f3n de esta pol\u00edtica.<\/p>\n<p>El presidente de la FAA tambi\u00e9n destac\u00f3 la urgencia de una reforma impositiva que alivie la carga sobre los peque\u00f1os productores, a quienes, seg\u00fan dijo, \u00abla superposici\u00f3n de impuestos y otras cargas les destruye la rentabilidad\u00bb. En este sentido, hizo un llamado al gobierno para que cumpla con sus promesas de campa\u00f1a, que inclu\u00edan la reducci\u00f3n de impuestos y la defensa de la propiedad privada.<\/p>\n<p>Otro punto relevante de su discurso fue la menci\u00f3n a la agenda ambiental y las recientes decisiones del pa\u00eds en este \u00e1mbito. Egu\u00eda inst\u00f3 a la FAA a estar preparada para enfrentar los cambios que se avecinan en materia de pol\u00edticas ambientales, destacando la necesidad de encontrar un equilibrio entre la preservaci\u00f3n del medio ambiente y el desarrollo productivo.<\/p>\n<p>Finalmente, el dirigente concluy\u00f3 con un llamado a fortalecer el federalismo y a promover obras de infraestructura que favorezcan a quienes viven en el interior productivo. \u00abNecesitamos una FAA fuerte, como la so\u00f1aron los fundadores de esta entidad\u00bb, sentenci\u00f3, instando a los miembros del Congreso a trabajar juntos para garantizar un futuro pr\u00f3spero para los peque\u00f1os y medianos productores.<\/p>\n<p>Con estas palabras, Gu\u00eda\u00a0dio inicio a un Congreso marcado por la reflexi\u00f3n y la b\u00fasqueda de soluciones para un sector que, seg\u00fan sus palabras, \u00abnecesita ser escuchado y valorado por el gobierno\u00bb.<\/p>\n","protected":false},"excerpt":{"rendered":"<p>En el marco del 110\u00b0 Congreso Anual Ordinario de la Federaci\u00f3n Agraria Argentina (FAA), Elvio<\/p>\n","protected":false},"author":1,"featured_media":24995,"comment_status":"open","ping_status":"open","sticky":false,"template":"","format":"standard","meta":{"footnotes":""},"categories":[20],"tags":[],"class_list":["post-24994","post","type-post","status-publish","format-standard","has-post-thumbnail","hentry","category-actualidad"],"_links":{"self":[{"href":"https:\/\/informeagropecuario.com.ar\/index.php?rest_route=\/wp\/v2\/posts\/24994","targetHints":{"allow":["GET"]}}],"collection":[{"href":"https:\/\/informeagropecuario.com.ar\/index.php?rest_route=\/wp\/v2\/posts"}],"about":[{"href":"https:\/\/informeagropecuario.com.ar\/index.php?rest_route=\/wp\/v2\/types\/post"}],"author":[{"embeddable":true,"href":"https:\/\/informeagropecuario.com.ar\/index.php?rest_route=\/wp\/v2\/users\/1"}],"replies":[{"embeddable":true,"href":"https:\/\/informeagropecuario.com.ar\/index.php?rest_route=%2Fwp%2Fv2%2Fcomments&post=24994"}],"version-history":[{"count":1,"href":"https:\/\/informeagropecuario.com.ar\/index.php?rest_route=\/wp\/v2\/posts\/24994\/revisions"}],"predecessor-version":[{"id":24996,"href":"https:\/\/informeagropecuario.com.ar\/index.php?rest_route=\/wp\/v2\/posts\/24994\/revisions\/24996"}],"wp:featuredmedia":[{"embeddable":true,"href":"https:\/\/informeagropecuario.com.ar\/index.php?rest_route=\/wp\/v2\/media\/24995"}],"wp:attachment":[{"href":"https:\/\/informeagropecuario.com.ar\/index.php?rest_route=%2Fwp%2Fv2%2Fmedia&parent=24994"}],"wp:term":[{"taxonomy":"category","embeddable":true,"href":"https:\/\/informeagropecuario.com.ar\/index.php?rest_route=%2Fwp%2Fv2%2Fcategories&post=24994"},{"taxonomy":"post_tag","embeddable":true,"href":"https:\/\/informeagropecuario.com.ar\/index.php?rest_route=%2Fwp%2Fv2%2Ftags&post=24994"}],"curies":[{"name":"wp","href":"https:\/\/api.w.org\/{rel}","templated":true}]}}