{"id":24997,"date":"2024-09-26T15:44:39","date_gmt":"2024-09-26T18:44:39","guid":{"rendered":"http:\/\/informeagropecuario.com.ar\/?p=24997"},"modified":"2024-09-26T15:44:39","modified_gmt":"2024-09-26T18:44:39","slug":"crece-la-presion-fiscal-sobre-el-campo-y-el-estado-se-lleva-el-615-de-la-renta","status":"publish","type":"post","link":"https:\/\/informeagropecuario.com.ar\/?p=24997","title":{"rendered":"Crece la presi\u00f3n fiscal sobre el campo y el Estado se lleva el 61,5 % de la renta"},"content":{"rendered":"<p>Se dio un incremento del 1,6 %; Naci\u00f3n lidera el peso de los impuestos<!--more--><\/p>\n<div id=\"body-1\" class=\"body-1 mt-20\">\n<p>La presi\u00f3n fiscal sobre el campo creci\u00f3.\u00a0<strong>La Fundaci\u00f3n Agropecuaria para el Desarrollo de Argentina (FADA) public\u00f3 el \u00edndice de septiembre y arroj\u00f3 que el Estado se queda con el 61,5 % de la renta del productor.<\/strong><\/p>\n<p>Quiere decir que cada $ 100 que genera el productor, $ 61,5 son para el Estado, casi dos tercios.\u00a0El \u00edndice de este mes creci\u00f3 1,6 puntos en comparaci\u00f3n con junio.<\/p>\n<p>FADA explic\u00f3 que de todos los tributos que se cobran,\u00a0<strong>el 64,5 % son nacionales no coparticipables,<\/strong>\u00a030 % son nacionales coparticipables, 4,9 % provinciales y 0,6 % municipales. \u201cEsta actividad se desarrolla a lo largo y ancho del pa\u00eds, pero la mayor\u00eda de los impuestos que afronta quedan en naci\u00f3n y nos vuelven a las regiones\u201d, advirti\u00f3 Natalia Ari\u00f1o, Economista de FADA.<\/p>\n<\/div>\n<div class=\"m-full-width loaded-banner\">\n<div class=\"dfp-banner stripped\">\n<div id=\"adSlot-1_parent\" class=\"adunitContainer\">\n<div id=\"adSlot-1\" class=\"adBox\" data-google-query-id=\"CNuyoqGh4YgDFfRZuAQdVe8nhg\"><\/div>\n<\/div>\n<\/div>\n<\/div>\n<h3 class=\"keep-reading mt-36 mb-36\">La presi\u00f3n del Estado<\/h3>\n<div id=\"body-2\">\n<div id=\"body-2\" class=\"body-2 mt-20\">\n<p><strong>La pregunta es por qu\u00e9 creci\u00f3 la presi\u00f3n fiscal.<\/strong>\u00a0En este punto, FADA argument\u00f3 que la ca\u00edda de los precios, hizo reducir el valor bruto de la producci\u00f3n. \u201cPara la medici\u00f3n actual, los precios de los granos est\u00e1n por debajo del promedio de los \u00faltimos cinco a\u00f1os (2019-2024).\u00a0Esta ca\u00edda de precios es raz\u00f3n del aumento del \u00edndice FADA al compararlo con junio de 2024, con una diferencia de 1,6 puntos porcentuales\u201d, detall\u00f3 la fundaci\u00f3n.<\/p>\n<p>Al mencionar los valores, se destacan el trigo con una ca\u00edda del 12,7 %.\u00a0<strong>Lo mismo sucedi\u00f3 en la soja y el ma\u00edz, en la que la ca\u00edda fue del 3 %.<\/strong>\u00a0Tambi\u00e9n se sumaron los costos de insumos, que muestran valores estables, salvo algunas bajas de precio en fertilizantes y fitosanitarios.<\/p>\n<\/div>\n<p><img fetchpriority=\"high\" decoding=\"async\" class=\"\" src=\"https:\/\/admin-news.agrofy.com.ar\/sites\/default\/files\/captura_de_pantalla_2024-09-26_072610.jpg\" sizes=\"100vw\" srcset=\"https:\/\/admin-news.agrofy.com.ar\/sites\/default\/files\/captura_de_pantalla_2024-09-26_072610.jpg 640w, https:\/\/admin-news.agrofy.com.ar\/sites\/default\/files\/captura_de_pantalla_2024-09-26_072610.jpg 750w, https:\/\/admin-news.agrofy.com.ar\/sites\/default\/files\/captura_de_pantalla_2024-09-26_072610.jpg 828w, https:\/\/admin-news.agrofy.com.ar\/sites\/default\/files\/captura_de_pantalla_2024-09-26_072610.jpg 1080w, https:\/\/admin-news.agrofy.com.ar\/sites\/default\/files\/captura_de_pantalla_2024-09-26_072610.jpg 1200w, https:\/\/admin-news.agrofy.com.ar\/sites\/default\/files\/captura_de_pantalla_2024-09-26_072610.jpg 1920w, https:\/\/admin-news.agrofy.com.ar\/sites\/default\/files\/captura_de_pantalla_2024-09-26_072610.jpg 2048w, https:\/\/admin-news.agrofy.com.ar\/sites\/default\/files\/captura_de_pantalla_2024-09-26_072610.jpg 3840w\" alt=\"\" width=\"409\" height=\"182\" data-nimg=\"responsive\" \/><\/p>\n<div id=\"body-2\" class=\"body-2 mt-20\">\n<p>\u201cEn el caso de las labores agr\u00edcolas como costos de siembra y cosecha, entre otros, al compararlo con septiembre 2023 se encuentran entre 200 % a 250 % m\u00e1s, frente a una inflaci\u00f3n interanual cercana al 236,7 %.\u00a0<strong>Mientras que, en d\u00f3lares, presentan una tendencia a la baja frente a la medici\u00f3n de junio 2024 que ronda el 6,2 % e interanual un incremento del 40 % en promedio\u201d, aclar\u00f3 la fundaci\u00f3n.<\/strong><\/p>\n<\/div>\n<\/div>\n<div id=\"body-3\">\n<div id=\"body-3\" class=\"body-3 mt-20\">\n<h2>Situaci\u00f3n fiscal de los cultivos<\/h2>\n<p>El promedio de la presi\u00f3n fiscal en los cultivos a nivel nacional es de 61,5%.\u00a0La participaci\u00f3n del Estado en soja es del 65,6 %, ma\u00edz 56,6 %, trigo 54,4% y girasol 56,6 %.<\/p>\n<p>Al analizar por provincia, C\u00f3rdoba lidera el ranking con el 62 %. Luego le sigue Buenos Aires con 58,4 %; Santa Fe 57,8 %; La Pampa 59,9 %; Entre R\u00edos, 60,8 % y San Luis 58,4%. \u201cEsto no quiere decir necesariamente que la provincia que\u00a0<strong>tiene un \u00edndice m\u00e1s alto sea la que abona m\u00e1s impuestos, sino que ese n\u00famero conjuga adem\u00e1s de los impuestos provinciales y locales,<\/strong>\u00a0los rindes y los costos de producir en ese lugar como tambi\u00e9n los fletes seg\u00fan la distancia al puerto, es un conjunto de factores que determina cu\u00e1l es la participaci\u00f3n del Estado en la renta en esa provincia\u201d, aclar\u00f3 la economista jefa de FADA, Nicolle Pisani.<\/p>\n<\/div>\n<p><img decoding=\"async\" class=\"\" src=\"https:\/\/admin-news.agrofy.com.ar\/sites\/default\/files\/indice-fada-septiembre-2024-01.jpg\" sizes=\"100vw\" srcset=\"https:\/\/admin-news.agrofy.com.ar\/sites\/default\/files\/indice-fada-septiembre-2024-01.jpg 640w, https:\/\/admin-news.agrofy.com.ar\/sites\/default\/files\/indice-fada-septiembre-2024-01.jpg 750w, https:\/\/admin-news.agrofy.com.ar\/sites\/default\/files\/indice-fada-septiembre-2024-01.jpg 828w, https:\/\/admin-news.agrofy.com.ar\/sites\/default\/files\/indice-fada-septiembre-2024-01.jpg 1080w, https:\/\/admin-news.agrofy.com.ar\/sites\/default\/files\/indice-fada-septiembre-2024-01.jpg 1200w, https:\/\/admin-news.agrofy.com.ar\/sites\/default\/files\/indice-fada-septiembre-2024-01.jpg 1920w, https:\/\/admin-news.agrofy.com.ar\/sites\/default\/files\/indice-fada-septiembre-2024-01.jpg 2048w, https:\/\/admin-news.agrofy.com.ar\/sites\/default\/files\/indice-fada-septiembre-2024-01.jpg 3840w\" alt=\"\" width=\"405\" height=\"652\" data-nimg=\"responsive\" \/><\/div>\n","protected":false},"excerpt":{"rendered":"<p>Se dio un incremento del 1,6 %; Naci\u00f3n lidera el peso de los impuestos<\/p>\n","protected":false},"author":1,"featured_media":24998,"comment_status":"open","ping_status":"open","sticky":false,"template":"","format":"standard","meta":{"footnotes":""},"categories":[20],"tags":[],"class_list":["post-24997","post","type-post","status-publish","format-standard","has-post-thumbnail","hentry","category-actualidad"],"_links":{"self":[{"href":"https:\/\/informeagropecuario.com.ar\/index.php?rest_route=\/wp\/v2\/posts\/24997","targetHints":{"allow":["GET"]}}],"collection":[{"href":"https:\/\/informeagropecuario.com.ar\/index.php?rest_route=\/wp\/v2\/posts"}],"about":[{"href":"https:\/\/informeagropecuario.com.ar\/index.php?rest_route=\/wp\/v2\/types\/post"}],"author":[{"embeddable":true,"href":"https:\/\/informeagropecuario.com.ar\/index.php?rest_route=\/wp\/v2\/users\/1"}],"replies":[{"embeddable":true,"href":"https:\/\/informeagropecuario.com.ar\/index.php?rest_route=%2Fwp%2Fv2%2Fcomments&post=24997"}],"version-history":[{"count":1,"href":"https:\/\/informeagropecuario.com.ar\/index.php?rest_route=\/wp\/v2\/posts\/24997\/revisions"}],"predecessor-version":[{"id":24999,"href":"https:\/\/informeagropecuario.com.ar\/index.php?rest_route=\/wp\/v2\/posts\/24997\/revisions\/24999"}],"wp:featuredmedia":[{"embeddable":true,"href":"https:\/\/informeagropecuario.com.ar\/index.php?rest_route=\/wp\/v2\/media\/24998"}],"wp:attachment":[{"href":"https:\/\/informeagropecuario.com.ar\/index.php?rest_route=%2Fwp%2Fv2%2Fmedia&parent=24997"}],"wp:term":[{"taxonomy":"category","embeddable":true,"href":"https:\/\/informeagropecuario.com.ar\/index.php?rest_route=%2Fwp%2Fv2%2Fcategories&post=24997"},{"taxonomy":"post_tag","embeddable":true,"href":"https:\/\/informeagropecuario.com.ar\/index.php?rest_route=%2Fwp%2Fv2%2Ftags&post=24997"}],"curies":[{"name":"wp","href":"https:\/\/api.w.org\/{rel}","templated":true}]}}