{"id":25002,"date":"2024-09-28T15:59:57","date_gmt":"2024-09-28T18:59:57","guid":{"rendered":"http:\/\/informeagropecuario.com.ar\/?p=25002"},"modified":"2024-09-28T16:01:10","modified_gmt":"2024-09-28T19:01:10","slug":"por-primera-vez-en-su-historia-la-federacion-agraria-argentina-tendra-a-una-mujer-al-frente","status":"publish","type":"post","link":"https:\/\/informeagropecuario.com.ar\/?p=25002","title":{"rendered":"Por primera vez en su historia la Federaci\u00f3n Agraria Argentina tendr\u00e1 a una mujer al frente"},"content":{"rendered":"<p>La entidad federada concluy\u00f3 este viernes en Rosario su 110\u00ba Congreso Anual y nombr\u00f3 a la productora de la ciudad bonaerense de Bol\u00edvar Andrea Sarnari como flamante presidenta<!--more--><\/p>\n<div class=\"entry-content\">\n<p>La Federaci\u00f3n Agraria Argentina concluy\u00f3 este viernes en Rosario su 110\u00ba Congreso Anual Ordinario, en el que se nombr\u00f3 Andrea Sarnari, productora de la ciudad bonaerense de Bolivar, como nueva presidenta de la instituci\u00f3n gremial. Es la primera vez en la historia de la Federaci\u00f3n que una mujer es elegida para conducir la entidad federada.<\/p>\n<p>De las deliberaciones, que tuvieron lugar durante dos jornadas, participaron cientos de delegados de todo el pa\u00eds, quines eligieron a la productora bonaerense y abogada al frente de la conducci\u00f3n federada. Sarnari estar\u00e1 acompa\u00f1ado por Jos\u00e9 Luis Volando, de la localidad cordobesa de James Craik, y Claudio Angeleri, de la localidad bonaerense de 25 de Mayo, como vicepresidentes primero y segundo, respectivamente, ejerciendo mandato hasta el pr\u00f3ximo Congreso Anual en 2025.<\/p>\n<p>Adem\u00e1s, Elvio Gu\u00eda, de la localidad entrerriana de Puigarri, y P\u00e1nfilo Ayala de la localidad formose\u00f1a de Laguna Naineck, fueron elegidos para la sindicatura titular y suplente de la Federaci\u00f3n Agraria.<\/p>\n<p>&nbsp;<\/p>\n<p>&nbsp;<\/p>\n<p>Al ser proclamada al cierre, Sarnari agradeci\u00f3 a todos los participantes del 110\u00ba Congreso Anual, delegados y delegadas de distantes zonas del pa\u00eds que arribaron a Rosario desde sus lugares de origen. Acto seguidio, dio la bienvenida a las dem\u00e1s autoridades electas por primera vez, y a quienes continuar\u00e1n en la gesti\u00f3n gremial de la FAA.<\/p>\n<p>\u201cQuiero que entre todos generemos entusiasmo, porque para las malas ya tenemos lo que nos pasa cotidianamente como productores. Estamos en un momento que no es f\u00e1cil seguir siendo productor. No s\u00f3lo tenemos que seguir resistiendo para seguir siendo, sino que cada vez seamos m\u00e1s. Para eso tenemos que usar esta herramienta que es la Federaci\u00f3n Agraria\u201d, afirm\u00f3 Sarnari tras el triunfo.<\/p>\n<p>Y agreg\u00f3: \u201cTenemos que pensar para adelante, proyectar, planificar estrat\u00e9gicamente. Qu\u00e9 pa\u00eds queremos, qu\u00e9 sujetos somos, para qu\u00e9 hacemos lo que hacemos. Y para eso tenemos que juntarnos y estar todos pensando, aunque tengamos diferencias\u201d.<\/p>\n<p>Asimismo, lanz\u00f3 una invitaci\u00f3n: \u201cNo duden en marcar cuando nos equivocamos, pero sobre todo los invito a que tengan propuesta todos los d\u00edas, el trabajo de hormiga da resultado. Sigamos siendo productores con nuestro trabajo cotidiano, con lo que hacemos d\u00eda a d\u00eda en el campo, en la militancia, eso nos va a dar fortaleza\u201d.<\/p>\n<p>Tras ello, la flamante tiutlar de Federaci\u00f3n Agraria, evoc\u00f3 a su entorno m\u00e1s \u00edntimo como sost\u00e9n de su actividad gremial: \u201cQuiero agradecer en primer lugar a mi familia, a Mariano, a Vicky y a Lauti, que todos los d\u00edas soportan mi ausencia por la actividad en Federaci\u00f3n Agraria, a mi mam\u00e1 que sigue viniendo a los congresos como siempre, a todos mis amigos que vinieron de Bol\u00edvar a acompa\u00f1arme, y a todo el Distrito 9\u201d, expres\u00f3.<\/p>\n<p>\u201cDebo agradecer a aquellos con los que he estado en cada pueblo a lo largo de muchos a\u00f1os de militancia, en todos lados hay afecto, apoyo hay entusiasmo\u201d, complet\u00f3 Sarnari.<\/p>\n<p>La presidenta de FAA agradeci\u00f3 adem\u00e1s a todos los delegados \u201cpor el enorme esfuerzo que hacen, por los d\u00edas que lleva movilizarse para venir al congreso, y por los d\u00edas que le ponen en la cotidianeidad para que la Federaci\u00f3n Agraria est\u00e9 presente, por el acompa\u00f1amiento y por la confianza\u201d.<\/p>\n<p>Y concluy\u00f3: \u201cQueremos que la Federaci\u00f3n Agraria realmente est\u00e9 en el territorio. Tenemos que fortalecer la renovaci\u00f3n, no porque venga gente nueva, sino porque los m\u00e1s j\u00f3venes, los que vienen con impronta, nos empujan para adelante y nos van poniendo en contexto\u201d.<\/p>\n<\/div>\n<footer class=\"entry-footer\">\n<div class=\"row\">\n<div class=\"col-md-12 col-lg-6 px-3\">\n<ul class=\"share-icons\">\n<li><\/li>\n<li><\/li>\n<li><\/li>\n<li><\/li>\n<\/ul>\n<\/div>\n<\/div>\n<\/footer>\n","protected":false},"excerpt":{"rendered":"<p>La entidad federada concluy\u00f3 este viernes en Rosario su 110\u00ba Congreso Anual y nombr\u00f3 a<\/p>\n","protected":false},"author":1,"featured_media":25004,"comment_status":"open","ping_status":"open","sticky":false,"template":"","format":"standard","meta":{"footnotes":""},"categories":[20],"tags":[],"class_list":["post-25002","post","type-post","status-publish","format-standard","has-post-thumbnail","hentry","category-actualidad"],"_links":{"self":[{"href":"https:\/\/informeagropecuario.com.ar\/index.php?rest_route=\/wp\/v2\/posts\/25002","targetHints":{"allow":["GET"]}}],"collection":[{"href":"https:\/\/informeagropecuario.com.ar\/index.php?rest_route=\/wp\/v2\/posts"}],"about":[{"href":"https:\/\/informeagropecuario.com.ar\/index.php?rest_route=\/wp\/v2\/types\/post"}],"author":[{"embeddable":true,"href":"https:\/\/informeagropecuario.com.ar\/index.php?rest_route=\/wp\/v2\/users\/1"}],"replies":[{"embeddable":true,"href":"https:\/\/informeagropecuario.com.ar\/index.php?rest_route=%2Fwp%2Fv2%2Fcomments&post=25002"}],"version-history":[{"count":1,"href":"https:\/\/informeagropecuario.com.ar\/index.php?rest_route=\/wp\/v2\/posts\/25002\/revisions"}],"predecessor-version":[{"id":25003,"href":"https:\/\/informeagropecuario.com.ar\/index.php?rest_route=\/wp\/v2\/posts\/25002\/revisions\/25003"}],"wp:featuredmedia":[{"embeddable":true,"href":"https:\/\/informeagropecuario.com.ar\/index.php?rest_route=\/wp\/v2\/media\/25004"}],"wp:attachment":[{"href":"https:\/\/informeagropecuario.com.ar\/index.php?rest_route=%2Fwp%2Fv2%2Fmedia&parent=25002"}],"wp:term":[{"taxonomy":"category","embeddable":true,"href":"https:\/\/informeagropecuario.com.ar\/index.php?rest_route=%2Fwp%2Fv2%2Fcategories&post=25002"},{"taxonomy":"post_tag","embeddable":true,"href":"https:\/\/informeagropecuario.com.ar\/index.php?rest_route=%2Fwp%2Fv2%2Ftags&post=25002"}],"curies":[{"name":"wp","href":"https:\/\/api.w.org\/{rel}","templated":true}]}}