{"id":25020,"date":"2024-10-05T19:24:30","date_gmt":"2024-10-05T22:24:30","guid":{"rendered":"http:\/\/informeagropecuario.com.ar\/?p=25020"},"modified":"2024-10-05T19:24:30","modified_gmt":"2024-10-05T22:24:30","slug":"terminal-quequen-sa-se-asegura-un-ano-mas-al-frente-de-los-elevadores-portuarios","status":"publish","type":"post","link":"https:\/\/informeagropecuario.com.ar\/?p=25020","title":{"rendered":"Terminal Quequ\u00e9n SA: Se asegura un a\u00f1o m\u00e1s al frente de los elevadores portuarios"},"content":{"rendered":"<p>La empresa, que opera los elevadores portuarios del puerto,<strong>\u00a0continuar\u00e1 al frente de la concesi\u00f3n hasta el 30 de <\/strong><strong>noviembre de 2025, tal como se anunci\u00f3 recientemente tras la firma del acuerdo con la presidenta del Consorcio, Jimena L\u00f3pez.<\/strong><!--more--><\/p>\n<div class=\"col-md-8\">\n<article class=\"main-article\">\n<div class=\"row\">\n<div class=\"col-md-11\">\n<div id=\"cuerpo-nota\" class=\"cuerpo-nota\">\n<p>La pr\u00f3rroga, que entrar\u00e1 en vigor el 1 de diciembre de 2024, se enmarca dentro de un proceso de licitaci\u00f3n internacional que busca asegurar la transparencia y la certidumbre en la gesti\u00f3n portuaria. Este a\u00f1o adicional de concesi\u00f3n permitir\u00e1 que se finalice la elaboraci\u00f3n y consenso del pliego de bases y condiciones para la licitaci\u00f3n, un paso crucial para definir el futuro del puerto, considerado uno de los ejes estrat\u00e9gicos para el comercio de granos y otros productos agroexportadores en la provincia de Buenos Aires.<\/p>\n<p>Durante una conferencia de prensa, Jimena L\u00f3pez subray\u00f3 que esta pr\u00f3rroga responde a una clara directiva del gobernador bonaerense,<strong>\u00a0Axel Kicillof<\/strong>, quien ha insistido en la necesidad de licitar con transparencia. Seg\u00fan explic\u00f3 L\u00f3pez, uno de los principales objetivos es otorgar mayor previsibilidad tanto a los trabajadores de la terminal como al sector agroexportador, actores que dependen de un calendario operativo que exige estabilidad en el tiempo.<\/p>\n<p>La presidenta del Consorcio explic\u00f3 que la continuidad de las sucesivas pr\u00f3rrogas genera un clima de incertidumbre a\u00f1o tras a\u00f1o, algo que la nueva licitaci\u00f3n pretende erradicar al ofrecer un marco jur\u00eddico seguro y previsible. \u00abEl mandato es claro: avanzar con un proceso que garantice la competencia libre y sin restricciones\u00bb, afirm\u00f3 L\u00f3pez. En este sentido, destac\u00f3 que la participaci\u00f3n de un estudio de abogados externo y con reconocida experiencia en licitaciones internacionales ser\u00e1 clave para evitar cualquier sospecha de parcialidad o direccionamiento en el proceso.<\/p>\n<p>Este estudio ser\u00e1 elegido por el directorio del Consorcio de Gesti\u00f3n de Puerto Quequ\u00e9n, siguiendo el procedimiento establecido. L\u00f3pez subray\u00f3 que su presidencia no tiene la facultad de seleccionar el estudio, pero s\u00ed garantizar\u00e1 que este cumpla con los est\u00e1ndares de imparcialidad y profesionalismo requeridos para un proceso de tal magnitud.<\/p>\n<p>Con esta extensi\u00f3n, Terminal Quequ\u00e9n S.A. se asegura un a\u00f1o m\u00e1s al frente de los elevadores portuarios, mientras el puerto se prepara para una licitaci\u00f3n que marcar\u00e1 el rumbo de su gesti\u00f3n a largo plazo. La apuesta por la transparencia y la competencia abierta busca satisfacer una demanda hist\u00f3rica del sector agroexportador, que ha solicitado mayor claridad en los procedimientos administrativos y operativos del puerto.<\/p>\n<p>Este anuncio es una se\u00f1al positiva para los trabajadores y para las empresas que dependen de la terminal, que podr\u00e1n continuar con sus actividades bajo un marco de certidumbre mientras se define el pr\u00f3ximo operador del puerto.<\/p>\n<div class=\"live-blog-responsive\"><\/div>\n<div><\/div>\n<\/div>\n<\/div>\n<\/div>\n<\/article>\n<div class=\"col-md-11 col-md-offset-1\"><\/div>\n<\/div>\n<div class=\"col-md-4\">\n<aside id=\"sidebar\" class=\"sidebar\">\n<div class=\"col2\">\n<div class=\"  bnn\"><\/div>\n<div class=\"  bnn\"><\/div>\n<\/div>\n<\/aside>\n<\/div>\n","protected":false},"excerpt":{"rendered":"<p>La empresa, que opera los elevadores portuarios del puerto,\u00a0continuar\u00e1 al frente de la concesi\u00f3n hasta<\/p>\n","protected":false},"author":1,"featured_media":25021,"comment_status":"open","ping_status":"open","sticky":false,"template":"","format":"standard","meta":{"footnotes":""},"categories":[20],"tags":[],"class_list":["post-25020","post","type-post","status-publish","format-standard","has-post-thumbnail","hentry","category-actualidad"],"_links":{"self":[{"href":"https:\/\/informeagropecuario.com.ar\/index.php?rest_route=\/wp\/v2\/posts\/25020","targetHints":{"allow":["GET"]}}],"collection":[{"href":"https:\/\/informeagropecuario.com.ar\/index.php?rest_route=\/wp\/v2\/posts"}],"about":[{"href":"https:\/\/informeagropecuario.com.ar\/index.php?rest_route=\/wp\/v2\/types\/post"}],"author":[{"embeddable":true,"href":"https:\/\/informeagropecuario.com.ar\/index.php?rest_route=\/wp\/v2\/users\/1"}],"replies":[{"embeddable":true,"href":"https:\/\/informeagropecuario.com.ar\/index.php?rest_route=%2Fwp%2Fv2%2Fcomments&post=25020"}],"version-history":[{"count":1,"href":"https:\/\/informeagropecuario.com.ar\/index.php?rest_route=\/wp\/v2\/posts\/25020\/revisions"}],"predecessor-version":[{"id":25022,"href":"https:\/\/informeagropecuario.com.ar\/index.php?rest_route=\/wp\/v2\/posts\/25020\/revisions\/25022"}],"wp:featuredmedia":[{"embeddable":true,"href":"https:\/\/informeagropecuario.com.ar\/index.php?rest_route=\/wp\/v2\/media\/25021"}],"wp:attachment":[{"href":"https:\/\/informeagropecuario.com.ar\/index.php?rest_route=%2Fwp%2Fv2%2Fmedia&parent=25020"}],"wp:term":[{"taxonomy":"category","embeddable":true,"href":"https:\/\/informeagropecuario.com.ar\/index.php?rest_route=%2Fwp%2Fv2%2Fcategories&post=25020"},{"taxonomy":"post_tag","embeddable":true,"href":"https:\/\/informeagropecuario.com.ar\/index.php?rest_route=%2Fwp%2Fv2%2Ftags&post=25020"}],"curies":[{"name":"wp","href":"https:\/\/api.w.org\/{rel}","templated":true}]}}