{"id":26026,"date":"2025-06-05T15:47:23","date_gmt":"2025-06-05T18:47:23","guid":{"rendered":"http:\/\/informeagropecuario.com.ar\/?p=26026"},"modified":"2025-06-05T15:47:23","modified_gmt":"2025-06-05T18:47:23","slug":"empezo-agroactiva-2025-creditos-al-agro-innovacion-y-orgullo-del-campo-argentino","status":"publish","type":"post","link":"https:\/\/informeagropecuario.com.ar\/?p=26026","title":{"rendered":"Empez\u00f3 AgroActiva 2025: cr\u00e9ditos al agro, innovaci\u00f3n y orgullo del campo argentino"},"content":{"rendered":"\n<p><strong>La edici\u00f3n 2025 de AgroActiva abri\u00f3 sus puertas este mi\u00e9rcoles 4 de junio en Armstrong, Santa Fe, marcando un nuevo hito en la historia de la exposici\u00f3n agroindustrial m\u00e1s grande de Argentina.<\/strong><\/p>\n\n\n\n<p>Con r\u00e9cord de superficie (60 hect\u00e1reas) y m\u00e1s de 900 expositores, el evento se extender\u00e1 hasta el s\u00e1bado 7, bajo el lema <strong>\u00abDonde el campo levanta su bandera\u00bb<\/strong>, destacando el esp\u00edritu federal y el orgullo del productor agropecuario.<\/p>\n\n\n\n<h2 class=\"wp-block-heading\">Cr\u00e9dito y financiamiento: motor clave del agro<\/h2>\n\n\n\n<p>Uno de los grandes ejes de AgroActiva 2025 es el acceso al <strong>cr\u00e9dito productivo<\/strong>, una demanda constante del sector que este a\u00f1o tuvo respuesta con la presentaci\u00f3n de nuevas l\u00edneas de financiamiento p\u00fablico y privado.<\/p>\n\n\n\n<p>El secretario de Agricultura de la Naci\u00f3n, Sergio Iraeta, anunci\u00f3 durante la apertura <strong>nuevas l\u00edneas de cr\u00e9dito con tasas desde el 11% anual<\/strong>, destinadas a la compra de maquinaria agr\u00edcola, implementos, gen\u00e9tica y tecnolog\u00edas de precisi\u00f3n. Tambi\u00e9n se sumaron bancos como el Naci\u00f3n, Banco Provincia, Santa Fe, C\u00f3rdoba y entidades cooperativas, con financiamiento en pesos y en d\u00f3lares, con plazos de hasta 60 meses y per\u00edodos de gracia.<\/p>\n\n\n\n<p>Adem\u00e1s, hubo especial atenci\u00f3n a los <strong>j\u00f3venes productores, mujeres rurales y pymes familiares<\/strong>, con programas espec\u00edficos que buscan democratizar el acceso al capital para seguir produciendo.<\/p>\n\n\n\n<h2 class=\"wp-block-heading\">Tecnolog\u00eda, gen\u00e9tica y ganader\u00eda<\/h2>\n\n\n\n<p>AgroActiva volvi\u00f3 a reunir lo m\u00e1s avanzado del agro argentino. En la <strong>Tecnoplaza<\/strong>, se exhiben los \u00faltimos desarrollos en <strong>inteligencia artificial aplicada al agro<\/strong>, <strong>robotizaci\u00f3n de procesos<\/strong>, drones, plataformas de monitoreo satelital, y maquinaria conectada.<\/p>\n\n\n\n<p>En <strong>AgroActiva Ganadera<\/strong>, se realizan juras de razas bovinas, ovinas y caprinas, adem\u00e1s de remates f\u00edsicos y virtuales. La gen\u00e9tica de alto impacto vuelve a ser protagonista, con ejemplares de todo el pa\u00eds compitiendo por los premios m\u00e1s codiciados del sector.<\/p>\n\n\n\n<h2 class=\"wp-block-heading\">La bandera del campo: s\u00edmbolo de identidad<\/h2>\n\n\n\n<p>Uno de los momentos m\u00e1s emotivos fue el acto en el que se present\u00f3 la <strong>bandera oficial del campo argentino<\/strong>, una iniciativa nacida del propio ecosistema rural que busca representar los valores del trabajo, la identidad territorial y el arraigo.<\/p>\n\n\n\n<p>Dise\u00f1ada con los colores del trigo, la tierra y el cielo, fue izada durante la inauguraci\u00f3n junto al pabell\u00f3n nacional, con la presencia del gobernador de Santa Fe, Maximiliano Pullaro, quien reiter\u00f3 su postura a favor de <strong>eliminar las retenciones<\/strong> para fomentar la competitividad y que \u201ccada peso generado en el campo se quede en las provincias\u201d.<\/p>\n\n\n\n<h2 class=\"wp-block-heading\">C\u00f3rdoba y su apuesta ap\u00edcola<\/h2>\n\n\n\n<p>La provincia de C\u00f3rdoba participa con una destacada comitiva institucional y m\u00e1s de 20 expositores del programa \u00abCBA, Vidriera Productiva\u00bb. Este a\u00f1o el foco est\u00e1 puesto en la <strong>apicultura y la polinizaci\u00f3n<\/strong>, con propuestas interactivas como \u201cDetectives de colmenas\u201d y capacitaciones sobre el rol de las abejas en los sistemas agr\u00edcolas sostenibles.<\/p>\n\n\n\n<h2 class=\"wp-block-heading\">AgroActiva Vuela y m\u00e1s<\/h2>\n\n\n\n<p>El cielo tambi\u00e9n es parte del show. En el espacio <strong>AgroActiva Vuela<\/strong>, se ofrecen demostraciones de aviaci\u00f3n agr\u00edcola, calibraci\u00f3n de aeronaves y drones, y talleres sobre seguridad y eficiencia.<\/p>\n\n\n\n<p>Adem\u00e1s, se desarrollan <strong>rondas de negocios internacionales<\/strong>, promoviendo exportaciones de maquinaria, gen\u00e9tica y servicios. Participan delegaciones de Brasil, Paraguay, Bolivia, Uruguay, y pa\u00edses de Europa y Asia interesados en la tecnolog\u00eda agroindustrial argentina.<\/p>\n\n\n\n<h2 class=\"wp-block-heading\">Conclusi\u00f3n<\/h2>\n\n\n\n<p>AgroActiva 2025 es m\u00e1s que una feria: es una celebraci\u00f3n del esp\u00edritu productivo argentino. En un contexto de desaf\u00edos econ\u00f3micos, la muestra vuelve a demostrar que <strong>el campo no se detiene<\/strong>, y que con financiamiento, tecnolog\u00eda y visi\u00f3n federal, el agro puede seguir siendo motor del pa\u00eds.<\/p>\n","protected":false},"excerpt":{"rendered":"<p>La edici\u00f3n 2025 de AgroActiva abri\u00f3 sus puertas este mi\u00e9rcoles 4 de junio en Armstrong,<\/p>\n","protected":false},"author":1,"featured_media":26027,"comment_status":"open","ping_status":"open","sticky":false,"template":"","format":"standard","meta":{"footnotes":""},"categories":[20],"tags":[],"class_list":["post-26026","post","type-post","status-publish","format-standard","has-post-thumbnail","hentry","category-actualidad"],"_links":{"self":[{"href":"https:\/\/informeagropecuario.com.ar\/index.php?rest_route=\/wp\/v2\/posts\/26026","targetHints":{"allow":["GET"]}}],"collection":[{"href":"https:\/\/informeagropecuario.com.ar\/index.php?rest_route=\/wp\/v2\/posts"}],"about":[{"href":"https:\/\/informeagropecuario.com.ar\/index.php?rest_route=\/wp\/v2\/types\/post"}],"author":[{"embeddable":true,"href":"https:\/\/informeagropecuario.com.ar\/index.php?rest_route=\/wp\/v2\/users\/1"}],"replies":[{"embeddable":true,"href":"https:\/\/informeagropecuario.com.ar\/index.php?rest_route=%2Fwp%2Fv2%2Fcomments&post=26026"}],"version-history":[{"count":1,"href":"https:\/\/informeagropecuario.com.ar\/index.php?rest_route=\/wp\/v2\/posts\/26026\/revisions"}],"predecessor-version":[{"id":26028,"href":"https:\/\/informeagropecuario.com.ar\/index.php?rest_route=\/wp\/v2\/posts\/26026\/revisions\/26028"}],"wp:featuredmedia":[{"embeddable":true,"href":"https:\/\/informeagropecuario.com.ar\/index.php?rest_route=\/wp\/v2\/media\/26027"}],"wp:attachment":[{"href":"https:\/\/informeagropecuario.com.ar\/index.php?rest_route=%2Fwp%2Fv2%2Fmedia&parent=26026"}],"wp:term":[{"taxonomy":"category","embeddable":true,"href":"https:\/\/informeagropecuario.com.ar\/index.php?rest_route=%2Fwp%2Fv2%2Fcategories&post=26026"},{"taxonomy":"post_tag","embeddable":true,"href":"https:\/\/informeagropecuario.com.ar\/index.php?rest_route=%2Fwp%2Fv2%2Ftags&post=26026"}],"curies":[{"name":"wp","href":"https:\/\/api.w.org\/{rel}","templated":true}]}}