{"id":26035,"date":"2025-06-05T16:11:32","date_gmt":"2025-06-05T19:11:32","guid":{"rendered":"http:\/\/informeagropecuario.com.ar\/?p=26035"},"modified":"2025-06-05T16:11:33","modified_gmt":"2025-06-05T19:11:33","slug":"aprobaron-declaracion-de-emergencia-para-distritos-bonaerenses-y-santafesinos","status":"publish","type":"post","link":"https:\/\/informeagropecuario.com.ar\/?p=26035","title":{"rendered":"Aprobaron declaraci\u00f3n de emergencia para distritos bonaerenses y santafesinos"},"content":{"rendered":"\n<p><strong>La C\u00e1mara de Diputados aprob\u00f3 por unanimidad la declaraci\u00f3n de emergencia para los distritos de la provincia de Buenos Aires y Santa Fe afectados por las recientes inundaciones. La medida recibi\u00f3 196 votos afirmativos, sin votos en contra ni abstenciones<\/strong>.<\/p>\n\n\n\n<h3 class=\"wp-block-heading\">Contexto de la Emergencia<\/h3>\n\n\n\n<p>Las intensas lluvias de mediados de mayo provocaron inundaciones en diversas localidades del norte de Buenos Aires y el sur de Santa Fe. En Buenos Aires, municipios como Z\u00e1rate, Campana, Salto y Pergamino fueron severamente afectados . En Santa Fe, el gobierno provincial acept\u00f3 un aporte del Tesoro Nacional de 5.000 millones de pesos, destinando mil millones a la regi\u00f3n de Vera para reparar caminos y otras infraestructuras da\u00f1adas .<\/p>\n\n\n\n<hr class=\"wp-block-separator has-alpha-channel-opacity\"\/>\n\n\n\n<h3 class=\"wp-block-heading\">Contenido de la Declaraci\u00f3n de Emergencia<\/h3>\n\n\n\n<p>La declaraci\u00f3n establece un marco legal para la asistencia financiera y t\u00e9cnica a los municipios afectados. Incluye la suspensi\u00f3n de plazos fiscales, la agilizaci\u00f3n de tr\u00e1mites administrativos y la reasignaci\u00f3n de recursos para la reparaci\u00f3n de infraestructuras da\u00f1adas. Adem\u00e1s, se contempla la implementaci\u00f3n de medidas sanitarias y sociales para mitigar los efectos del desastre.<\/p>\n\n\n\n<h3 class=\"wp-block-heading\">Medidas y Alcances de la Declaraci\u00f3n<\/h3>\n\n\n\n<p>La declaraci\u00f3n de emergencia establece un fondo especial en el \u00e1mbito de la Jefatura de Gabinete de Ministros, cuya suma ser\u00e1 la necesaria para atender los da\u00f1os producidos por la emergencia. Este fondo especial se integrar\u00e1 mediante la reasignaci\u00f3n de partidas presupuestarias que disponga el jefe de Gabinete, lo que permitir\u00e1 una r\u00e1pida y eficiente canalizaci\u00f3n de recursos hacia las \u00e1reas m\u00e1s perjudicadas.<\/p>\n\n\n\n<p>Adem\u00e1s, la normativa contempla la suspensi\u00f3n de plazos fiscales para los contribuyentes de las zonas afectadas, la agilizaci\u00f3n de tr\u00e1mites administrativos vinculados a la reconstrucci\u00f3n, y la implementaci\u00f3n de medidas sanitarias y sociales para mitigar el impacto en la poblaci\u00f3n.<\/p>\n\n\n\n<hr class=\"wp-block-separator has-alpha-channel-opacity\"\/>\n\n\n\n<h3 class=\"wp-block-heading\">Reacciones y Proyecciones<\/h3>\n\n\n\n<p>La aprobaci\u00f3n un\u00e1nime refleja un consenso pol\u00edtico en torno a la necesidad de abordar la emergencia. Se espera que la medida facilite la coordinaci\u00f3n entre los niveles nacional, provincial y municipal, optimizando el uso de los recursos disponibles. Sin embargo, se anticipa que la recuperaci\u00f3n total requerir\u00e1 tiempo y esfuerzos sostenidos, especialmente en las \u00e1reas rurales m\u00e1s afectadas.<\/p>\n","protected":false},"excerpt":{"rendered":"<p>La C\u00e1mara de Diputados aprob\u00f3 por unanimidad la declaraci\u00f3n de emergencia para los distritos de<\/p>\n","protected":false},"author":1,"featured_media":26036,"comment_status":"open","ping_status":"open","sticky":false,"template":"","format":"standard","meta":{"footnotes":""},"categories":[20],"tags":[],"class_list":["post-26035","post","type-post","status-publish","format-standard","has-post-thumbnail","hentry","category-actualidad"],"_links":{"self":[{"href":"https:\/\/informeagropecuario.com.ar\/index.php?rest_route=\/wp\/v2\/posts\/26035","targetHints":{"allow":["GET"]}}],"collection":[{"href":"https:\/\/informeagropecuario.com.ar\/index.php?rest_route=\/wp\/v2\/posts"}],"about":[{"href":"https:\/\/informeagropecuario.com.ar\/index.php?rest_route=\/wp\/v2\/types\/post"}],"author":[{"embeddable":true,"href":"https:\/\/informeagropecuario.com.ar\/index.php?rest_route=\/wp\/v2\/users\/1"}],"replies":[{"embeddable":true,"href":"https:\/\/informeagropecuario.com.ar\/index.php?rest_route=%2Fwp%2Fv2%2Fcomments&post=26035"}],"version-history":[{"count":1,"href":"https:\/\/informeagropecuario.com.ar\/index.php?rest_route=\/wp\/v2\/posts\/26035\/revisions"}],"predecessor-version":[{"id":26037,"href":"https:\/\/informeagropecuario.com.ar\/index.php?rest_route=\/wp\/v2\/posts\/26035\/revisions\/26037"}],"wp:featuredmedia":[{"embeddable":true,"href":"https:\/\/informeagropecuario.com.ar\/index.php?rest_route=\/wp\/v2\/media\/26036"}],"wp:attachment":[{"href":"https:\/\/informeagropecuario.com.ar\/index.php?rest_route=%2Fwp%2Fv2%2Fmedia&parent=26035"}],"wp:term":[{"taxonomy":"category","embeddable":true,"href":"https:\/\/informeagropecuario.com.ar\/index.php?rest_route=%2Fwp%2Fv2%2Fcategories&post=26035"},{"taxonomy":"post_tag","embeddable":true,"href":"https:\/\/informeagropecuario.com.ar\/index.php?rest_route=%2Fwp%2Fv2%2Ftags&post=26035"}],"curies":[{"name":"wp","href":"https:\/\/api.w.org\/{rel}","templated":true}]}}