{"id":26054,"date":"2025-06-06T17:31:31","date_gmt":"2025-06-06T20:31:31","guid":{"rendered":"http:\/\/informeagropecuario.com.ar\/?p=26054"},"modified":"2025-06-06T17:31:32","modified_gmt":"2025-06-06T20:31:32","slug":"primera-estimacion-de-siembra-de-maiz-en-la-zona-nucleo-leve-recuperacion-pero-aun-lejos-del-potencial","status":"publish","type":"post","link":"https:\/\/informeagropecuario.com.ar\/?p=26054","title":{"rendered":"Primera estimaci\u00f3n de siembra de ma\u00edz en la zona n\u00facleo: leve recuperaci\u00f3n, pero a\u00fan lejos del potencial"},"content":{"rendered":"\n<p><strong>La primera estimaci\u00f3n de siembra de ma\u00edz para la campa\u00f1a 2025\/26 en la zona n\u00facleo pampeana de Argentina revela un escenario de recuperaci\u00f3n respecto a la campa\u00f1a anterior, aunque sin alcanzar el potencial hist\u00f3rico que caracteriza a la regi\u00f3n m\u00e1s productiva del pa\u00eds<\/strong>.<\/p>\n\n\n\n<p>Seg\u00fan informes preliminares de t\u00e9cnicos y consultoras agr\u00edcolas, se proyecta una superficie sembrada levemente superior a la del ciclo pasado, impulsada principalmente por un mejor r\u00e9gimen de lluvias en los \u00faltimos meses y una mayor estabilidad en los mercados internacionales de granos. Sin embargo, los m\u00e1rgenes ajustados, el encarecimiento de insumos y la incertidumbre econ\u00f3mica y pol\u00edtica siguen condicionando las decisiones de los productores.<\/p>\n\n\n\n<p>Se estima que el \u00e1rea destinada al ma\u00edz en la zona n\u00facleo \u2014que abarca el norte bonaerense, sur de Santa Fe y sudeste de C\u00f3rdoba\u2014 alcanzar\u00e1 entre 1,4 y 1,5 millones de hect\u00e1reas, lo que representar\u00eda un aumento interanual del 5 al 10%. A pesar del repunte, la cifra a\u00fan se encuentra por debajo del m\u00e1ximo potencial regional, estimado en alrededor de 1,7 millones de hect\u00e1reas.<\/p>\n\n\n\n<p><strong>Factores clave: clima, precios y pol\u00edtica<\/strong><\/p>\n\n\n\n<p>El repunte de precipitaciones registrado desde fines del verano permiti\u00f3 mejorar los perfiles h\u00eddricos de los suelos, lo cual fue determinante para mejorar las expectativas productivas. Sin embargo, muchos productores siguen evaluando con cautela el momento \u00f3ptimo para sembrar, con una posible concentraci\u00f3n de la siembra hacia fechas m\u00e1s tard\u00edas.<\/p>\n\n\n\n<p>A nivel econ\u00f3mico, si bien los precios internacionales del ma\u00edz han mostrado cierta recuperaci\u00f3n, los costos locales de producci\u00f3n \u2014especialmente en fertilizantes, combustibles y arrendamientos\u2014 siguen siendo una carga importante. A esto se suman los vaivenes del tipo de cambio y la falta de definiciones claras en materia de retenciones y pol\u00edticas de incentivo a las exportaciones.<\/p>\n\n\n\n<p><strong>Perspectiva moderadamente optimista<\/strong><\/p>\n\n\n\n<p>Los analistas coinciden en que la campa\u00f1a 2025\/26 podr\u00eda representar un punto de inflexi\u00f3n tras dos ciclos marcados por la sequ\u00eda y la retracci\u00f3n de \u00e1rea. Sin embargo, advierten que para que la zona n\u00facleo recupere plenamente su potencial maicero ser\u00e1 clave garantizar un entorno macroecon\u00f3mico previsible y pol\u00edticas p\u00fablicas que estimulen la inversi\u00f3n en tecnolog\u00eda y buenas pr\u00e1cticas agr\u00edcolas.<\/p>\n\n\n\n<p>El seguimiento de la evoluci\u00f3n clim\u00e1tica en los pr\u00f3ximos meses y la confirmaci\u00f3n de las intenciones de siembra efectivas ser\u00e1n determinantes para validar estas primeras proyecciones y anticipar el aporte que el ma\u00edz de la regi\u00f3n n\u00facleo podr\u00eda hacer a la econom\u00eda nacional en el pr\u00f3ximo ciclo agr\u00edcola.<\/p>\n","protected":false},"excerpt":{"rendered":"<p>La primera estimaci\u00f3n de siembra de ma\u00edz para la campa\u00f1a 2025\/26 en la zona n\u00facleo<\/p>\n","protected":false},"author":1,"featured_media":26055,"comment_status":"open","ping_status":"open","sticky":false,"template":"","format":"standard","meta":{"footnotes":""},"categories":[20],"tags":[],"class_list":["post-26054","post","type-post","status-publish","format-standard","has-post-thumbnail","hentry","category-actualidad"],"_links":{"self":[{"href":"https:\/\/informeagropecuario.com.ar\/index.php?rest_route=\/wp\/v2\/posts\/26054","targetHints":{"allow":["GET"]}}],"collection":[{"href":"https:\/\/informeagropecuario.com.ar\/index.php?rest_route=\/wp\/v2\/posts"}],"about":[{"href":"https:\/\/informeagropecuario.com.ar\/index.php?rest_route=\/wp\/v2\/types\/post"}],"author":[{"embeddable":true,"href":"https:\/\/informeagropecuario.com.ar\/index.php?rest_route=\/wp\/v2\/users\/1"}],"replies":[{"embeddable":true,"href":"https:\/\/informeagropecuario.com.ar\/index.php?rest_route=%2Fwp%2Fv2%2Fcomments&post=26054"}],"version-history":[{"count":1,"href":"https:\/\/informeagropecuario.com.ar\/index.php?rest_route=\/wp\/v2\/posts\/26054\/revisions"}],"predecessor-version":[{"id":26056,"href":"https:\/\/informeagropecuario.com.ar\/index.php?rest_route=\/wp\/v2\/posts\/26054\/revisions\/26056"}],"wp:featuredmedia":[{"embeddable":true,"href":"https:\/\/informeagropecuario.com.ar\/index.php?rest_route=\/wp\/v2\/media\/26055"}],"wp:attachment":[{"href":"https:\/\/informeagropecuario.com.ar\/index.php?rest_route=%2Fwp%2Fv2%2Fmedia&parent=26054"}],"wp:term":[{"taxonomy":"category","embeddable":true,"href":"https:\/\/informeagropecuario.com.ar\/index.php?rest_route=%2Fwp%2Fv2%2Fcategories&post=26054"},{"taxonomy":"post_tag","embeddable":true,"href":"https:\/\/informeagropecuario.com.ar\/index.php?rest_route=%2Fwp%2Fv2%2Ftags&post=26054"}],"curies":[{"name":"wp","href":"https:\/\/api.w.org\/{rel}","templated":true}]}}