{"id":26069,"date":"2025-06-06T18:36:28","date_gmt":"2025-06-06T21:36:28","guid":{"rendered":"http:\/\/informeagropecuario.com.ar\/?p=26069"},"modified":"2025-06-06T18:36:28","modified_gmt":"2025-06-06T21:36:28","slug":"se-rompe-la-estabilidad-y-regresan-las-lluvias-y-tormentas-a-argentina-la-proxima-semana","status":"publish","type":"post","link":"https:\/\/informeagropecuario.com.ar\/?p=26069","title":{"rendered":"Se rompe la estabilidad y regresan las lluvias y tormentas a Argentina la pr\u00f3xima semana"},"content":{"rendered":"\n<p><strong>Despu\u00e9s de un per\u00edodo de estabilidad y buen clima en gran parte del pa\u00eds, el pron\u00f3stico meteorol\u00f3gico indica que la situaci\u00f3n cambiar\u00e1 abruptamente a partir de la pr\u00f3xima semana, con el retorno de lluvias y tormentas en varias regiones de Argentina.<\/strong><\/p>\n\n\n\n<h2 class=\"wp-block-heading\">Fin del per\u00edodo de calma<\/h2>\n\n\n\n<p>Durante los \u00faltimos d\u00edas, Argentina experiment\u00f3 condiciones estables con temperaturas moderadas y escasas precipitaciones. Sin embargo, seg\u00fan los informes de los principales servicios meteorol\u00f3gicos, un frente fr\u00edo en avance desde el sur comenzar\u00e1 a afectar al territorio nacional, rompiendo la estabilidad atmosf\u00e9rica.<\/p>\n\n\n\n<h2 class=\"wp-block-heading\">Regreso de las lluvias y tormentas<\/h2>\n\n\n\n<p>Las lluvias intensas y las tormentas el\u00e9ctricas se esperan especialmente en la zona centro y norte del pa\u00eds, incluyendo provincias como Buenos Aires, C\u00f3rdoba, Santa Fe, y el litoral. En algunos sectores, las precipitaciones podr\u00edan ser fuertes y estar acompa\u00f1adas por r\u00e1fagas de viento y actividad el\u00e9ctrica significativa.<\/p>\n\n\n\n<h2 class=\"wp-block-heading\">Impacto y recomendaciones<\/h2>\n\n\n\n<p>Este cambio en el tiempo puede provocar inconvenientes en la circulaci\u00f3n vial, especialmente en rutas y zonas urbanas con deficiente drenaje. Se recomienda a la poblaci\u00f3n mantenerse informada a trav\u00e9s de fuentes oficiales y tomar precauciones ante posibles tormentas fuertes, como evitar actividades al aire libre y revisar el estado de techos y canaletas.<\/p>\n\n\n\n<h2 class=\"wp-block-heading\">\u00bfQu\u00e9 esperar para el resto del mes?<\/h2>\n\n\n\n<p>Los modelos clim\u00e1ticos sugieren que la inestabilidad podr\u00eda mantenerse durante varios d\u00edas, alternando jornadas con lluvias y otras con mejoramientos temporarios. Las temperaturas tender\u00e1n a bajar ligeramente debido al ingreso de aire fr\u00edo asociado al frente.<\/p>\n","protected":false},"excerpt":{"rendered":"<p>Despu\u00e9s de un per\u00edodo de estabilidad y buen clima en gran parte del pa\u00eds, el<\/p>\n","protected":false},"author":1,"featured_media":26070,"comment_status":"open","ping_status":"open","sticky":false,"template":"","format":"standard","meta":{"footnotes":""},"categories":[20],"tags":[],"class_list":["post-26069","post","type-post","status-publish","format-standard","has-post-thumbnail","hentry","category-actualidad"],"_links":{"self":[{"href":"https:\/\/informeagropecuario.com.ar\/index.php?rest_route=\/wp\/v2\/posts\/26069","targetHints":{"allow":["GET"]}}],"collection":[{"href":"https:\/\/informeagropecuario.com.ar\/index.php?rest_route=\/wp\/v2\/posts"}],"about":[{"href":"https:\/\/informeagropecuario.com.ar\/index.php?rest_route=\/wp\/v2\/types\/post"}],"author":[{"embeddable":true,"href":"https:\/\/informeagropecuario.com.ar\/index.php?rest_route=\/wp\/v2\/users\/1"}],"replies":[{"embeddable":true,"href":"https:\/\/informeagropecuario.com.ar\/index.php?rest_route=%2Fwp%2Fv2%2Fcomments&post=26069"}],"version-history":[{"count":1,"href":"https:\/\/informeagropecuario.com.ar\/index.php?rest_route=\/wp\/v2\/posts\/26069\/revisions"}],"predecessor-version":[{"id":26071,"href":"https:\/\/informeagropecuario.com.ar\/index.php?rest_route=\/wp\/v2\/posts\/26069\/revisions\/26071"}],"wp:featuredmedia":[{"embeddable":true,"href":"https:\/\/informeagropecuario.com.ar\/index.php?rest_route=\/wp\/v2\/media\/26070"}],"wp:attachment":[{"href":"https:\/\/informeagropecuario.com.ar\/index.php?rest_route=%2Fwp%2Fv2%2Fmedia&parent=26069"}],"wp:term":[{"taxonomy":"category","embeddable":true,"href":"https:\/\/informeagropecuario.com.ar\/index.php?rest_route=%2Fwp%2Fv2%2Fcategories&post=26069"},{"taxonomy":"post_tag","embeddable":true,"href":"https:\/\/informeagropecuario.com.ar\/index.php?rest_route=%2Fwp%2Fv2%2Ftags&post=26069"}],"curies":[{"name":"wp","href":"https:\/\/api.w.org\/{rel}","templated":true}]}}