{"id":26072,"date":"2025-06-07T12:50:11","date_gmt":"2025-06-07T15:50:11","guid":{"rendered":"http:\/\/informeagropecuario.com.ar\/?p=26072"},"modified":"2025-06-07T18:07:11","modified_gmt":"2025-06-07T21:07:11","slug":"dia-del-periodista-la-presidenta-del-puerto-de-quequen-agasajo-a-la-prensa-con-una-visita-guiada-y-un-reconocimiento-a-su-labor","status":"publish","type":"post","link":"https:\/\/informeagropecuario.com.ar\/?p=26072","title":{"rendered":"D\u00eda del Periodista: La presidenta del Puerto de Quequ\u00e9n agasaj\u00f3 a la prensa con una visita guiada y un reconocimiento a su labor"},"content":{"rendered":"\n<p><strong>Con motivo de conmemorarse el D\u00eda del Periodista, la presidenta del Consorcio de Gesti\u00f3n del Puerto de Quequ\u00e9n, Lic. Jimena L\u00f3pez, agasaj\u00f3 este s\u00e1bado a periodistas locales con un desayuno y una visita guiada por la zona primaria operativa y el hinterland del puerto.<\/strong><\/p>\n\n\n\n<p><\/p>\n\n\n\n<p>Durante el encuentro, L\u00f3pez ofreci\u00f3 unas palabras en las que destac\u00f3 el rol esencial del periodismo en la construcci\u00f3n democr\u00e1tica, subrayando el valor de la libertad de prensa y de expresi\u00f3n como pilares fundamentales de una sociedad libre y participativa.<\/p>\n\n\n\n<p>En su discurso, tambi\u00e9n puso en valor la labor del ente portuario en materia educativa, remarcando que desde el Consorcio se impulsa la distribuci\u00f3n de materiales did\u00e1cticos sobre el funcionamiento y la historia del puerto, con el objetivo de acercar el conocimiento portuario a las escuelas y a la comunidad en general.<\/p>\n\n\n\n<p>\u00abEl Puerto no s\u00f3lo es una herramienta productiva clave para el desarrollo de la regi\u00f3n, sino tambi\u00e9n un actor comprometido con la educaci\u00f3n, la inclusi\u00f3n y la comunicaci\u00f3n p\u00fablica\u00bb, se\u00f1al\u00f3 L\u00f3pez.<\/p>\n\n\n\n<p>La visita permiti\u00f3 a los periodistas conocer de cerca las instalaciones, las operaciones log\u00edsticas, los avances en infraestructura y los proyectos estrat\u00e9gicos que buscan fortalecer la conexi\u00f3n del puerto con su hinterland.<\/p>\n\n\n\n<p>El encuentro concluy\u00f3 en un clima cordial de di\u00e1logo y cercan\u00eda, en el que la presidenta reiter\u00f3 la voluntad del Consorcio de mantener una relaci\u00f3n transparente, abierta y colaborativa con los medios de comunicaci\u00f3n.<\/p>\n","protected":false},"excerpt":{"rendered":"<p>Con motivo de conmemorarse el D\u00eda del Periodista, la presidenta del Consorcio de Gesti\u00f3n del<\/p>\n","protected":false},"author":1,"featured_media":26075,"comment_status":"open","ping_status":"open","sticky":false,"template":"","format":"standard","meta":{"footnotes":""},"categories":[20],"tags":[],"class_list":["post-26072","post","type-post","status-publish","format-standard","has-post-thumbnail","hentry","category-actualidad"],"_links":{"self":[{"href":"https:\/\/informeagropecuario.com.ar\/index.php?rest_route=\/wp\/v2\/posts\/26072","targetHints":{"allow":["GET"]}}],"collection":[{"href":"https:\/\/informeagropecuario.com.ar\/index.php?rest_route=\/wp\/v2\/posts"}],"about":[{"href":"https:\/\/informeagropecuario.com.ar\/index.php?rest_route=\/wp\/v2\/types\/post"}],"author":[{"embeddable":true,"href":"https:\/\/informeagropecuario.com.ar\/index.php?rest_route=\/wp\/v2\/users\/1"}],"replies":[{"embeddable":true,"href":"https:\/\/informeagropecuario.com.ar\/index.php?rest_route=%2Fwp%2Fv2%2Fcomments&post=26072"}],"version-history":[{"count":1,"href":"https:\/\/informeagropecuario.com.ar\/index.php?rest_route=\/wp\/v2\/posts\/26072\/revisions"}],"predecessor-version":[{"id":26074,"href":"https:\/\/informeagropecuario.com.ar\/index.php?rest_route=\/wp\/v2\/posts\/26072\/revisions\/26074"}],"wp:featuredmedia":[{"embeddable":true,"href":"https:\/\/informeagropecuario.com.ar\/index.php?rest_route=\/wp\/v2\/media\/26075"}],"wp:attachment":[{"href":"https:\/\/informeagropecuario.com.ar\/index.php?rest_route=%2Fwp%2Fv2%2Fmedia&parent=26072"}],"wp:term":[{"taxonomy":"category","embeddable":true,"href":"https:\/\/informeagropecuario.com.ar\/index.php?rest_route=%2Fwp%2Fv2%2Fcategories&post=26072"},{"taxonomy":"post_tag","embeddable":true,"href":"https:\/\/informeagropecuario.com.ar\/index.php?rest_route=%2Fwp%2Fv2%2Ftags&post=26072"}],"curies":[{"name":"wp","href":"https:\/\/api.w.org\/{rel}","templated":true}]}}