{"id":26076,"date":"2025-06-08T10:43:26","date_gmt":"2025-06-08T13:43:26","guid":{"rendered":"http:\/\/informeagropecuario.com.ar\/?p=26076"},"modified":"2025-06-08T10:43:26","modified_gmt":"2025-06-08T13:43:26","slug":"alerta-en-el-sector-reformas-propuestas-comprometerian-la-autonomia-del-inta","status":"publish","type":"post","link":"https:\/\/informeagropecuario.com.ar\/?p=26076","title":{"rendered":"Alerta en el Sector: Reformas Propuestas Comprometer\u00edan la Autonom\u00eda del INTA"},"content":{"rendered":"\n<p><strong>Productores, referentes pol\u00edticos y entidades rurales expresaron su respaldo al INTA frente a versiones de cambios estructurales que afectar\u00edan su gobernanza. La preocupaci\u00f3n crece en todo el arco agroindustrial.<\/strong><\/p>\n\n\n\n<p>El Instituto Nacional de Tecnolog\u00eda Agropecuaria (INTA), reconocido por su aporte cient\u00edfico y tecnol\u00f3gico al desarrollo agropecuario argentino, manifiesta su profunda preocupaci\u00f3n ante posibles reformas que pondr\u00edan en riesgo su autonom\u00eda institucional y el modelo de gobernanza participativa que lo caracteriza.<\/p>\n\n\n\n<p>Organismo descentralizado y de referencia para miles de productores en todo el pa\u00eds, el INTA ha sido clave en la promoci\u00f3n de innovaciones productivas, modelos de simulaci\u00f3n, pr\u00e1cticas sustentables, conservaci\u00f3n de suelos, mejora gen\u00e9tica y adaptaci\u00f3n al cambio clim\u00e1tico. Su despliegue territorial, la articulaci\u00f3n con gobiernos locales y el v\u00ednculo permanente con la comunidad rural le han dado un lugar central en la pol\u00edtica agropecuaria y cient\u00edfica nacional.<\/p>\n\n\n\n<p>Las versiones de reformas que podr\u00edan modificar su estatuto, centralizar decisiones o debilitar la actual estructura de conducci\u00f3n encendieron alertas en el sector. En particular, preocupa la intenci\u00f3n de alterar la composici\u00f3n del Consejo Directivo \u2014el principal \u00f3rgano de conducci\u00f3n del organismo\u2014 donde actualmente el Estado tiene 3 de los 10 representantes. Las reformas propuestas aumentar\u00edan esa representaci\u00f3n a 4 miembros, otorgando adem\u00e1s un <strong>doble voto al presidente<\/strong>, lo que implicar\u00eda una capacidad de decisi\u00f3n mayoritaria y potencialmente centralizada, debilitando el equilibrio institucional y la planificaci\u00f3n estrat\u00e9gica de largo plazo.<\/p>\n\n\n\n<p>El valor del INTA reside precisamente en su <strong>modelo de cogobernanza<\/strong>, donde el sector privado \u2014representado por las cuatro entidades de la Comisi\u00f3n de Enlace\u2014 tiene un rol activo y fundamental en la definici\u00f3n de pol\u00edticas, prioridades y orientaci\u00f3n tecnol\u00f3gica. Este esquema ha permitido una articulaci\u00f3n virtuosa entre lo p\u00fablico y lo productivo, garantizando que la investigaci\u00f3n est\u00e9 orientada a las necesidades reales del agro argentino.<\/p>\n\n\n\n<p>La reacci\u00f3n no se hizo esperar. En el marco de la muestra <em>Agroactiva<\/em>, que concluy\u00f3 ayer en Armstrong, Santa Fe, la Comisi\u00f3n de Enlace de Entidades Agropecuarias expres\u00f3 su respaldo al INTA durante una reuni\u00f3n mantenida con autoridades nacionales de la Secretar\u00eda de Agricultura. Adem\u00e1s, voces pol\u00edticas de peso se sumaron a la defensa del organismo: el gobernador de Santa Fe, <strong>Maximiliano Pullaro<\/strong>, y la vicegobernadora de C\u00f3rdoba, <strong>Myrian Prunotto<\/strong>, destacaron p\u00fablicamente el valor estrat\u00e9gico del INTA para el desarrollo regional y la innovaci\u00f3n agropecuaria.<\/p>\n\n\n\n<p>Desde el INTA se advierte que cualquier alteraci\u00f3n que debilite su car\u00e1cter federal, t\u00e9cnico, aut\u00f3nomo y participativo pone en riesgo no solo la continuidad de proyectos estrat\u00e9gicos para el desarrollo territorial y la soberan\u00eda alimentaria, sino tambi\u00e9n la confianza construida con miles de productores y actores del sistema agroindustrial.<\/p>\n\n\n\n<p>La autonom\u00eda del INTA \u2014consagrada por ley y respaldada por su estructura de cogobernanza\u2014 ha sido un factor determinante para sus logros nacionales e internacionales. Defenderla no es una postura sectorial, sino una necesidad para garantizar una ciencia p\u00fablica \u00fatil, territorialmente anclada y orientada al desarrollo sostenible de la Argentina.<\/p>\n","protected":false},"excerpt":{"rendered":"<p>Productores, referentes pol\u00edticos y entidades rurales expresaron su respaldo al INTA frente a versiones de<\/p>\n","protected":false},"author":1,"featured_media":26077,"comment_status":"open","ping_status":"open","sticky":false,"template":"","format":"standard","meta":{"footnotes":""},"categories":[20],"tags":[],"class_list":["post-26076","post","type-post","status-publish","format-standard","has-post-thumbnail","hentry","category-actualidad"],"_links":{"self":[{"href":"https:\/\/informeagropecuario.com.ar\/index.php?rest_route=\/wp\/v2\/posts\/26076","targetHints":{"allow":["GET"]}}],"collection":[{"href":"https:\/\/informeagropecuario.com.ar\/index.php?rest_route=\/wp\/v2\/posts"}],"about":[{"href":"https:\/\/informeagropecuario.com.ar\/index.php?rest_route=\/wp\/v2\/types\/post"}],"author":[{"embeddable":true,"href":"https:\/\/informeagropecuario.com.ar\/index.php?rest_route=\/wp\/v2\/users\/1"}],"replies":[{"embeddable":true,"href":"https:\/\/informeagropecuario.com.ar\/index.php?rest_route=%2Fwp%2Fv2%2Fcomments&post=26076"}],"version-history":[{"count":1,"href":"https:\/\/informeagropecuario.com.ar\/index.php?rest_route=\/wp\/v2\/posts\/26076\/revisions"}],"predecessor-version":[{"id":26078,"href":"https:\/\/informeagropecuario.com.ar\/index.php?rest_route=\/wp\/v2\/posts\/26076\/revisions\/26078"}],"wp:featuredmedia":[{"embeddable":true,"href":"https:\/\/informeagropecuario.com.ar\/index.php?rest_route=\/wp\/v2\/media\/26077"}],"wp:attachment":[{"href":"https:\/\/informeagropecuario.com.ar\/index.php?rest_route=%2Fwp%2Fv2%2Fmedia&parent=26076"}],"wp:term":[{"taxonomy":"category","embeddable":true,"href":"https:\/\/informeagropecuario.com.ar\/index.php?rest_route=%2Fwp%2Fv2%2Fcategories&post=26076"},{"taxonomy":"post_tag","embeddable":true,"href":"https:\/\/informeagropecuario.com.ar\/index.php?rest_route=%2Fwp%2Fv2%2Ftags&post=26076"}],"curies":[{"name":"wp","href":"https:\/\/api.w.org\/{rel}","templated":true}]}}