{"id":26079,"date":"2025-06-08T11:00:57","date_gmt":"2025-06-08T14:00:57","guid":{"rendered":"http:\/\/informeagropecuario.com.ar\/?p=26079"},"modified":"2025-06-08T11:00:58","modified_gmt":"2025-06-08T14:00:58","slug":"la-disputa-por-osprera-disparo-un-nuevo-frente-de-conflicto","status":"publish","type":"post","link":"https:\/\/informeagropecuario.com.ar\/?p=26079","title":{"rendered":"La disputa por Osprera dispar\u00f3 un nuevo frente de conflicto"},"content":{"rendered":"\n<p><strong>La UATRE eval\u00faa medidas gremiales ante la eliminaci\u00f3n de adicionales salariales decidida por el interventor de la obra social del gremio rural<\/strong>.<\/p>\n\n\n\n<p>La interna en la conducci\u00f3n de la Obra Social del Personal Rural y Estibadores de la Rep\u00fablica Argentina (Osprera) sum\u00f3 en las \u00faltimas horas un nuevo cap\u00edtulo de tensi\u00f3n. La Uni\u00f3n Argentina de Trabajadores Rurales y Estibadores (UATRE) inform\u00f3 este viernes que se encuentra analizando la adopci\u00f3n de medidas gremiales en respuesta a la decisi\u00f3n del interventor de Osprera, designado por el Gobierno nacional, de eliminar adicionales salariales que percib\u00edan los trabajadores de la entidad.<\/p>\n\n\n\n<p>Desde el gremio conducido por Jos\u00e9 Voytenco denunciaron que la medida afecta directamente los ingresos de cientos de empleados y fue adoptada de manera \u201cunilateral y arbitraria\u201d, sin consulta previa ni di\u00e1logo con las representaciones gremiales. \u00abEstamos ante una provocaci\u00f3n inaceptable que no solo vulnera derechos adquiridos, sino que adem\u00e1s genera incertidumbre en un contexto econ\u00f3mico ya de por s\u00ed complejo\u00bb, se\u00f1alaron voceros de la UATRE.<\/p>\n\n\n\n<p>La intervenci\u00f3n de Osprera fue dispuesta por el Gobierno nacional en 2023, en el marco de una serie de auditor\u00edas sobre obras sociales sindicales. Desde entonces, la relaci\u00f3n entre la conducci\u00f3n del gremio rural y los responsables temporales de la obra social ha estado marcada por fricciones y denuncias cruzadas.<\/p>\n\n\n\n<p>Seg\u00fan fuentes gremiales, los adicionales eliminados incluyen bonificaciones por antig\u00fcedad, presentismo y otras compensaciones que integraban la estructura salarial de los trabajadores de Osprera. La UATRE advirti\u00f3 que de no revertirse la decisi\u00f3n, avanzar\u00e1 con un plan de lucha que podr\u00eda incluir paros y movilizaciones en todo el pa\u00eds.<\/p>\n\n\n\n<p>\u201cDefenderemos cada derecho conquistado. No vamos a permitir que desde un escritorio se cercene el sustento de nuestras familias\u201d, afirm\u00f3 Voytenco en declaraciones a la prensa. Adem\u00e1s, anticip\u00f3 que el gremio ya inici\u00f3 acciones legales para revertir la resoluci\u00f3n.<\/p>\n\n\n\n<p>Mientras tanto, el conflicto amenaza con escalar y tensionar a\u00fan m\u00e1s la ya fr\u00e1gil relaci\u00f3n entre el sindicato y las autoridades de la obra social, en un escenario en el que tambi\u00e9n se juega el control pol\u00edtico y administrativo de una de las instituciones clave para los trabajadores del sector rural.<\/p>\n","protected":false},"excerpt":{"rendered":"<p>La UATRE eval\u00faa medidas gremiales ante la eliminaci\u00f3n de adicionales salariales decidida por el interventor<\/p>\n","protected":false},"author":1,"featured_media":26080,"comment_status":"open","ping_status":"open","sticky":false,"template":"","format":"standard","meta":{"footnotes":""},"categories":[20],"tags":[],"class_list":["post-26079","post","type-post","status-publish","format-standard","has-post-thumbnail","hentry","category-actualidad"],"_links":{"self":[{"href":"https:\/\/informeagropecuario.com.ar\/index.php?rest_route=\/wp\/v2\/posts\/26079","targetHints":{"allow":["GET"]}}],"collection":[{"href":"https:\/\/informeagropecuario.com.ar\/index.php?rest_route=\/wp\/v2\/posts"}],"about":[{"href":"https:\/\/informeagropecuario.com.ar\/index.php?rest_route=\/wp\/v2\/types\/post"}],"author":[{"embeddable":true,"href":"https:\/\/informeagropecuario.com.ar\/index.php?rest_route=\/wp\/v2\/users\/1"}],"replies":[{"embeddable":true,"href":"https:\/\/informeagropecuario.com.ar\/index.php?rest_route=%2Fwp%2Fv2%2Fcomments&post=26079"}],"version-history":[{"count":1,"href":"https:\/\/informeagropecuario.com.ar\/index.php?rest_route=\/wp\/v2\/posts\/26079\/revisions"}],"predecessor-version":[{"id":26081,"href":"https:\/\/informeagropecuario.com.ar\/index.php?rest_route=\/wp\/v2\/posts\/26079\/revisions\/26081"}],"wp:featuredmedia":[{"embeddable":true,"href":"https:\/\/informeagropecuario.com.ar\/index.php?rest_route=\/wp\/v2\/media\/26080"}],"wp:attachment":[{"href":"https:\/\/informeagropecuario.com.ar\/index.php?rest_route=%2Fwp%2Fv2%2Fmedia&parent=26079"}],"wp:term":[{"taxonomy":"category","embeddable":true,"href":"https:\/\/informeagropecuario.com.ar\/index.php?rest_route=%2Fwp%2Fv2%2Fcategories&post=26079"},{"taxonomy":"post_tag","embeddable":true,"href":"https:\/\/informeagropecuario.com.ar\/index.php?rest_route=%2Fwp%2Fv2%2Ftags&post=26079"}],"curies":[{"name":"wp","href":"https:\/\/api.w.org\/{rel}","templated":true}]}}