{"id":26090,"date":"2025-06-08T11:50:11","date_gmt":"2025-06-08T14:50:11","guid":{"rendered":"http:\/\/informeagropecuario.com.ar\/?p=26090"},"modified":"2025-06-08T11:57:17","modified_gmt":"2025-06-08T14:57:17","slug":"culmino-agroactiva-2025-innovacion-negocios-y-un-fuerte-impulso-al-campo-argentino","status":"publish","type":"post","link":"https:\/\/informeagropecuario.com.ar\/?p=26090","title":{"rendered":"Culmin\u00f3 Agroactiva 2025: Innovaci\u00f3n, negocios y un fuerte impulso al campo argentino"},"content":{"rendered":"\n<p><strong>Con una convocatoria r\u00e9cord y una agenda cargada de tecnolog\u00eda, negocios y contenido federal, lleg\u00f3 a su fin una nueva edici\u00f3n de Agroactiva 2025, una de las exposiciones agroindustriales m\u00e1s importantes de Am\u00e9rica Latina.<\/strong><\/p>\n\n\n\n<p>Durante cuatro intensos d\u00edas, el campo argentino volvi\u00f3 a mostrar su potencial, con la participaci\u00f3n de m\u00e1s de 800 expositores y la visita de m\u00e1s de 250.000 personas.<\/p>\n\n\n\n<p>El predio ubicado en Armstrong fue nuevamente el epicentro donde confluyeron productores, empresas, instituciones, medios y visitantes de todo el pa\u00eds y del extranjero. Este a\u00f1o, el foco estuvo puesto en la <strong>agricultura de precisi\u00f3n, las energ\u00edas renovables, la maquinaria de \u00faltima generaci\u00f3n y el desarrollo sustentable del agro<\/strong>.<\/p>\n\n\n\n<h3 class=\"wp-block-heading\">Un espacio de negocios y conexi\u00f3n directa<\/h3>\n\n\n\n<p>Agroactiva volvi\u00f3 a destacar por su perfil netamente productivo. El sector de maquinaria agr\u00edcola fue uno de los m\u00e1s concurridos, con importantes lanzamientos de marcas nacionales e internacionales. Adem\u00e1s, las rondas de negocios internacionales \u2014organizadas con el apoyo de la Agencia Argentina de Inversiones y Comercio Internacional\u2014 permitieron a pymes del sector agroindustrial establecer contacto con compradores de m\u00e1s de 20 pa\u00edses.<\/p>\n\n\n\n<p>En paralelo, se desarrollaron charlas t\u00e9cnicas, capacitaciones y foros que abordaron temas clave como biotecnolog\u00eda, cambio clim\u00e1tico, ganader\u00eda inteligente y acceso al financiamiento para el sector agropecuario.<\/p>\n\n\n\n<h3 class=\"wp-block-heading\">Ganader\u00eda y esp\u00edritu federal<\/h3>\n\n\n\n<p>El espacio ganadero fue uno de los m\u00e1s visitados, con remates en vivo, exhibiciones de razas bovinas, ovinas y porcinas, y concursos que premiaron la excelencia gen\u00e9tica. Tambi\u00e9n se destac\u00f3 el tradicional \u201cPaseo Federal\u201d, donde provincias como C\u00f3rdoba, Santa Fe, Buenos Aires, Entre R\u00edos y La Pampa mostraron su riqueza productiva, gastron\u00f3mica y cultural.<\/p>\n\n\n\n<h3 class=\"wp-block-heading\">Compromiso con el futuro<\/h3>\n\n\n\n<p>Agroactiva 2025 dej\u00f3 en claro que el campo argentino est\u00e1 en permanente evoluci\u00f3n, apostando a la innovaci\u00f3n, al trabajo colaborativo y a la producci\u00f3n sustentable. Los organizadores ya confirmaron que la pr\u00f3xima edici\u00f3n se realizar\u00e1 en junio de 2026, prometiendo m\u00e1s tecnolog\u00eda, m\u00e1s espacio y m\u00e1s oportunidades para el sector.<\/p>\n\n\n\n<h2 class=\"wp-block-heading\">Expansi\u00f3n r\u00e9cord y oferta federal<\/h2>\n\n\n\n<ul class=\"wp-block-list\">\n<li>La exposici\u00f3n ampli\u00f3 su extensi\u00f3n en <strong>27\u202f000\u202fm\u00b2<\/strong>, igualando su tama\u00f1o hist\u00f3rico, y super\u00f3 los <strong>900 expositores<\/strong>, incluyendo m\u00e1s de 100 empresas nuevas <\/li>\n\n\n\n<li>Con una agenda federal, participaron la mayor\u00eda de las provincias argentinas, reforzando el alcance nacional del evento <\/li>\n<\/ul>\n\n\n\n<hr class=\"wp-block-separator has-alpha-channel-opacity\"\/>\n\n\n\n<h2 class=\"wp-block-heading\">Presencia institucional y financiamiento<\/h2>\n\n\n\n<ul class=\"wp-block-list\">\n<li>En la inauguraci\u00f3n estuvieron presentes altos cargos pol\u00edticos: el Jefe de Gabinete nacional, ministros provincial y dem\u00e1s autoridades rurales .<\/li>\n\n\n\n<li>El Gobierno de Santa Fe lanz\u00f3 un esquema de <strong>66\u202f800 millones de pesos<\/strong> en l\u00edneas de financiamiento \u2014incluidas 17 nuevas\u2014 para maquinaria y proyectos agroindustriales <\/li>\n\n\n\n<li>Se llevaron a cabo <strong>rondas de negocios<\/strong> con 15 compradores internacionales y m\u00e1s de 300 reuniones coordinadas <\/li>\n<\/ul>\n\n\n\n<hr class=\"wp-block-separator has-alpha-channel-opacity\"\/>\n\n\n\n<h2 class=\"wp-block-heading\">Tecnolog\u00eda, semillas y motores<\/h2>\n\n\n\n<ul class=\"wp-block-list\">\n<li><strong>BASF<\/strong> present\u00f3 en su debut tres nuevos h\u00edbridos (ma\u00edz y girasol), el herbicida Voraxor y la plataforma digital Xarvio con mapeo de malezas por dron y ahorro de insumos hasta el 60\u202f% <\/li>\n\n\n\n<li><strong>Iveco y FPT Industrial<\/strong> mostraron motores remanufacturados as\u00ed como nuevas soluciones en cooperaci\u00f3n con CNH, Pauny y Caim\u00e1n <\/li>\n<\/ul>\n\n\n\n<hr class=\"wp-block-separator has-alpha-channel-opacity\"\/>\n\n\n\n<h2 class=\"wp-block-heading\"> Movilidad y experiencias off\u2011road<\/h2>\n\n\n\n<ul class=\"wp-block-list\">\n<li><strong>Ford<\/strong>, sponsor oficial, exhibi\u00f3 su flota de pick\u2011ups, destac\u00e1ndose la <strong>Maverick Tremor<\/strong>, adem\u00e1s de la F\u2011150 h\u00edbrida y versiones Raptor. Ofreci\u00f3 test drives, cl\u00ednicas de manejo y servicios durante toda la muestra <\/li>\n<\/ul>\n\n\n\n<hr class=\"wp-block-separator has-alpha-channel-opacity\"\/>\n\n\n\n<h2 class=\"wp-block-heading\"> Actividades ganaderas y AgTech<\/h2>\n\n\n\n<ul class=\"wp-block-list\">\n<li>La ganader\u00eda tuvo su espacio ampliado, con jura, remates, razas ovinas y caballos criollos <\/li>\n\n\n\n<li>Adem\u00e1s, hubo vuelos recreativos con aeroclubes y un stand provincial exclusivo para <strong>AgTech<\/strong>, gastronom\u00eda regional y promoci\u00f3n tur\u00edstica de Santa Fe <\/li>\n<\/ul>\n\n\n\n<hr class=\"wp-block-separator has-alpha-channel-opacity\"\/>\n\n\n\n<h3 class=\"wp-block-heading\">En resumen:<\/h3>\n\n\n\n<figure class=\"wp-block-table\"><table class=\"has-fixed-layout\"><thead><tr><th>Aspecto<\/th><th>Detalle<\/th><\/tr><\/thead><tbody><tr><td><strong>Superficie y expositores<\/strong><\/td><td>+27\u202f000\u202fm\u00b2, &gt;900 expositores, &gt;100 nuevos<\/td><\/tr><tr><td><strong>Financiamiento<\/strong><\/td><td>66\u202f800 M ARS en l\u00edneas crediticias<\/td><\/tr><tr><td><strong>Tecnolog\u00eda<\/strong><\/td><td>Innovaciones en semillas, herbicidas, motores y digitalizaci\u00f3n<\/td><\/tr><tr><td><strong>Movilidad<\/strong><\/td><td>Ford con test drive off\u2011road y flota renovada<\/td><\/tr><tr><td><strong>Institucional<\/strong><\/td><td>Poder pol\u00edtico presente, negocios internacionales y respaldo federal<\/td><\/tr><\/tbody><\/table><\/figure>\n","protected":false},"excerpt":{"rendered":"<p>Con una convocatoria r\u00e9cord y una agenda cargada de tecnolog\u00eda, negocios y contenido federal, lleg\u00f3<\/p>\n","protected":false},"author":1,"featured_media":26091,"comment_status":"open","ping_status":"open","sticky":false,"template":"","format":"standard","meta":{"footnotes":""},"categories":[20],"tags":[],"class_list":["post-26090","post","type-post","status-publish","format-standard","has-post-thumbnail","hentry","category-actualidad"],"_links":{"self":[{"href":"https:\/\/informeagropecuario.com.ar\/index.php?rest_route=\/wp\/v2\/posts\/26090","targetHints":{"allow":["GET"]}}],"collection":[{"href":"https:\/\/informeagropecuario.com.ar\/index.php?rest_route=\/wp\/v2\/posts"}],"about":[{"href":"https:\/\/informeagropecuario.com.ar\/index.php?rest_route=\/wp\/v2\/types\/post"}],"author":[{"embeddable":true,"href":"https:\/\/informeagropecuario.com.ar\/index.php?rest_route=\/wp\/v2\/users\/1"}],"replies":[{"embeddable":true,"href":"https:\/\/informeagropecuario.com.ar\/index.php?rest_route=%2Fwp%2Fv2%2Fcomments&post=26090"}],"version-history":[{"count":2,"href":"https:\/\/informeagropecuario.com.ar\/index.php?rest_route=\/wp\/v2\/posts\/26090\/revisions"}],"predecessor-version":[{"id":26093,"href":"https:\/\/informeagropecuario.com.ar\/index.php?rest_route=\/wp\/v2\/posts\/26090\/revisions\/26093"}],"wp:featuredmedia":[{"embeddable":true,"href":"https:\/\/informeagropecuario.com.ar\/index.php?rest_route=\/wp\/v2\/media\/26091"}],"wp:attachment":[{"href":"https:\/\/informeagropecuario.com.ar\/index.php?rest_route=%2Fwp%2Fv2%2Fmedia&parent=26090"}],"wp:term":[{"taxonomy":"category","embeddable":true,"href":"https:\/\/informeagropecuario.com.ar\/index.php?rest_route=%2Fwp%2Fv2%2Fcategories&post=26090"},{"taxonomy":"post_tag","embeddable":true,"href":"https:\/\/informeagropecuario.com.ar\/index.php?rest_route=%2Fwp%2Fv2%2Ftags&post=26090"}],"curies":[{"name":"wp","href":"https:\/\/api.w.org\/{rel}","templated":true}]}}