{"id":26105,"date":"2025-06-11T15:08:30","date_gmt":"2025-06-11T18:08:30","guid":{"rendered":"http:\/\/informeagropecuario.com.ar\/?p=26105"},"modified":"2025-06-11T15:08:31","modified_gmt":"2025-06-11T18:08:31","slug":"preocupacion-en-el-inta-por-posibles-cambios-en-su-conduccion-respaldo-a-la-autarquia-y-defensa-de-su-estructura-federal","status":"publish","type":"post","link":"https:\/\/informeagropecuario.com.ar\/?p=26105","title":{"rendered":"Preocupaci\u00f3n en el INTA por posibles cambios en su conducci\u00f3n: respaldo a la autarqu\u00eda y defensa de su estructura federal"},"content":{"rendered":"\n<p><strong>El Instituto Nacional de Tecnolog\u00eda Agropecuaria (INTA) atraviesa una etapa de incertidumbre mientras sus trabajadores, directores y representantes regionales esperan definiciones del Gobierno nacional sobre un decreto que podr\u00eda modificar sustancialmente su conducci\u00f3n y estructura organizativa.<\/strong><\/p>\n\n\n\n<p>Tras una reuni\u00f3n mantenida d\u00edas atr\u00e1s con el secretario de Agricultura, Ganader\u00eda y Pesca, Sergio Iraeta, los representantes del organismo entregaron una carta respaldada por <strong>21 presidentes de Consejos Regionales y Centros de Investigaci\u00f3n<\/strong> del INTA. En ella manifestaron su <strong>firme respaldo a la autarqu\u00eda del instituto<\/strong> y destacaron la importancia de preservar un <strong>modelo descentralizado, participativo y eficiente<\/strong>.<\/p>\n\n\n\n<p><strong>Estructura federal, legitimidad y advertencias<\/strong><\/p>\n\n\n\n<p>En el documento entregado, los representantes describieron <strong>la estructura federal<\/strong> del INTA, construida sobre una <strong>representaci\u00f3n plural<\/strong> de entidades rurales, universidades, gobiernos provinciales, cient\u00edficos y empleados. Adem\u00e1s, resaltaron la <strong>legitimidad democr\u00e1tica<\/strong> de esa representaci\u00f3n, conformada por <strong>casi 1000 dirigentes de diversos sectores<\/strong> que trabajan <strong>ad honorem<\/strong> para fortalecer el sistema de investigaci\u00f3n y transferencia tecnol\u00f3gica agropecuaria.<\/p>\n\n\n\n<p>En ese sentido, advirtieron que <strong>la reducci\u00f3n de personal en la \u00faltima d\u00e9cada no ha debilitado la operatividad del INTA<\/strong> y recordaron que <strong>ya han presentado propuestas de reestructuraci\u00f3n<\/strong> que hasta el momento <strong>no fueron consideradas por el Gobierno<\/strong>.<\/p>\n\n\n\n<p><strong>Rechazo a la centralizaci\u00f3n y exigencia de criterios t\u00e9cnicos<\/strong><\/p>\n\n\n\n<p>En otro tramo del documento, los representantes expresaron <strong>su rechazo a cualquier intento de centralizar el control del organismo<\/strong>, y reclamaron que <strong>\u201clas decisiones se fundamenten en criterios t\u00e9cnicos y federales, no pol\u00edticos ni arbitrarios\u201d<\/strong>.<\/p>\n\n\n\n<p>El malestar se profundiz\u00f3 ante <strong>rumores sobre la posible alteraci\u00f3n de la composici\u00f3n del Consejo Directivo del INTA<\/strong>, lo que implicar\u00eda restar representaci\u00f3n a sectores privados y productivos que hist\u00f3ricamente han formado parte de su conducci\u00f3n.<\/p>\n\n\n\n<p>Finalmente, solicitaron una audiencia no solo con Iraeta, sino tambi\u00e9n con el ministro de Econom\u00eda, <strong>Luis Caputo<\/strong>, y el responsable de Desregulaci\u00f3n y Transformaci\u00f3n del Estado, <strong>Federico Sturzenegger<\/strong>, con el objetivo de defender el actual modelo de gesti\u00f3n del organismo, reconocido como ejemplo a nivel nacional e internacional.<\/p>\n\n\n\n<p>Por ahora, no hubo respuestas oficiales por parte del Ejecutivo, pero desde el INTA insisten en mantener abierto el di\u00e1logo institucional y <strong>defender un modelo democr\u00e1tico, federal y al servicio de las necesidades productivas de todo el pa\u00eds<\/strong>.<\/p>\n","protected":false},"excerpt":{"rendered":"<p>El Instituto Nacional de Tecnolog\u00eda Agropecuaria (INTA) atraviesa una etapa de incertidumbre mientras sus trabajadores,<\/p>\n","protected":false},"author":1,"featured_media":26106,"comment_status":"open","ping_status":"open","sticky":false,"template":"","format":"standard","meta":{"footnotes":""},"categories":[20],"tags":[],"class_list":["post-26105","post","type-post","status-publish","format-standard","has-post-thumbnail","hentry","category-actualidad"],"_links":{"self":[{"href":"https:\/\/informeagropecuario.com.ar\/index.php?rest_route=\/wp\/v2\/posts\/26105","targetHints":{"allow":["GET"]}}],"collection":[{"href":"https:\/\/informeagropecuario.com.ar\/index.php?rest_route=\/wp\/v2\/posts"}],"about":[{"href":"https:\/\/informeagropecuario.com.ar\/index.php?rest_route=\/wp\/v2\/types\/post"}],"author":[{"embeddable":true,"href":"https:\/\/informeagropecuario.com.ar\/index.php?rest_route=\/wp\/v2\/users\/1"}],"replies":[{"embeddable":true,"href":"https:\/\/informeagropecuario.com.ar\/index.php?rest_route=%2Fwp%2Fv2%2Fcomments&post=26105"}],"version-history":[{"count":1,"href":"https:\/\/informeagropecuario.com.ar\/index.php?rest_route=\/wp\/v2\/posts\/26105\/revisions"}],"predecessor-version":[{"id":26107,"href":"https:\/\/informeagropecuario.com.ar\/index.php?rest_route=\/wp\/v2\/posts\/26105\/revisions\/26107"}],"wp:featuredmedia":[{"embeddable":true,"href":"https:\/\/informeagropecuario.com.ar\/index.php?rest_route=\/wp\/v2\/media\/26106"}],"wp:attachment":[{"href":"https:\/\/informeagropecuario.com.ar\/index.php?rest_route=%2Fwp%2Fv2%2Fmedia&parent=26105"}],"wp:term":[{"taxonomy":"category","embeddable":true,"href":"https:\/\/informeagropecuario.com.ar\/index.php?rest_route=%2Fwp%2Fv2%2Fcategories&post=26105"},{"taxonomy":"post_tag","embeddable":true,"href":"https:\/\/informeagropecuario.com.ar\/index.php?rest_route=%2Fwp%2Fv2%2Ftags&post=26105"}],"curies":[{"name":"wp","href":"https:\/\/api.w.org\/{rel}","templated":true}]}}