{"id":26130,"date":"2025-06-17T18:06:00","date_gmt":"2025-06-17T21:06:00","guid":{"rendered":"http:\/\/informeagropecuario.com.ar\/?p=26130"},"modified":"2025-06-17T18:06:01","modified_gmt":"2025-06-17T21:06:01","slug":"fin-del-peso-minimo-de-faena-el-gobierno-libera-la-decision-al-productor","status":"publish","type":"post","link":"https:\/\/informeagropecuario.com.ar\/?p=26130","title":{"rendered":"Fin del peso m\u00ednimo de faena: el Gobierno libera la decisi\u00f3n al productor"},"content":{"rendered":"\n<p>En una medida que impacta directamente en el sector ganadero, el Gobierno ha decidido eliminar el peso m\u00ednimo de faena para el ganado bovino, otorgando plena libertad al productor para definir el momento de sacrificio de sus animales.<\/p>\n\n\n\n<p>Esta decisi\u00f3n, que hab\u00eda generado debates en las \u00faltimas semanas, se enmarca en una pol\u00edtica de desregulaci\u00f3n destinada a flexibilizar las normas del sector y promover una mayor autonom\u00eda de los productores rurales. Hasta ahora, la normativa establec\u00eda un peso m\u00ednimo obligatorio para la faena, con el objetivo de garantizar est\u00e1ndares de calidad y eficiencia productiva. Sin embargo, dicha restricci\u00f3n limitaba la capacidad de los productores para adaptarse a las condiciones del mercado y a sus necesidades espec\u00edficas.<\/p>\n\n\n\n<p><strong>Ventajas para el productor<\/strong><\/p>\n\n\n\n<p>Con la eliminaci\u00f3n de esta restricci\u00f3n, los productores ganaderos podr\u00e1n elegir libremente cu\u00e1ndo faenar a sus animales, tomando en cuenta factores como el estado sanitario, la alimentaci\u00f3n, las condiciones clim\u00e1ticas y la demanda del mercado. Esta mayor libertad podr\u00eda traducirse en una gesti\u00f3n m\u00e1s eficiente del stock ganadero, con beneficios tanto econ\u00f3micos como productivos.<\/p>\n\n\n\n<p>Desde el sector, algunos productores han celebrado la medida, se\u00f1alando que esta flexibilizaci\u00f3n permitir\u00e1 ajustar mejor la producci\u00f3n a la realidad del campo y evitar p\u00e9rdidas innecesarias por esperar a que el animal alcance un peso determinado.<\/p>\n\n\n\n<p><strong>Preocupaciones y desaf\u00edos<\/strong><\/p>\n\n\n\n<p>Por otro lado, existen voces que advierten sobre posibles riesgos asociados a esta medida, principalmente en cuanto a la calidad de la carne y la competitividad del producto en mercados externos. La eliminaci\u00f3n del peso m\u00ednimo podr\u00eda derivar en faenas prematuras, lo que afectar\u00eda la calidad y el rendimiento de la carne.<\/p>\n\n\n\n<p>Para mitigar estos riesgos, el Gobierno y las entidades del sector deber\u00e1n trabajar en conjunto para establecer buenas pr\u00e1cticas y fomentar controles sanitarios que aseguren est\u00e1ndares adecuados sin restringir la libertad de los productores.<\/p>\n\n\n\n<p><strong>Impacto en el mercado<\/strong><\/p>\n\n\n\n<p>La medida llega en un contexto donde la producci\u00f3n ganadera enfrenta desaf\u00edos vinculados a la volatilidad de precios y a la necesidad de mejorar la competitividad exportadora. La flexibilizaci\u00f3n puede incentivar una mayor agilidad en las decisiones productivas, facilitando la adaptaci\u00f3n a las fluctuaciones del mercado nacional e internacional.<\/p>\n\n\n\n<p>En definitiva, el fin del peso m\u00ednimo de faena representa un cambio importante en la gesti\u00f3n ganadera, colocando la responsabilidad en manos de los productores y abriendo nuevas posibilidades para optimizar la producci\u00f3n de carne en el pa\u00eds.<\/p>\n","protected":false},"excerpt":{"rendered":"<p>En una medida que impacta directamente en el sector ganadero, el Gobierno ha decidido eliminar<\/p>\n","protected":false},"author":1,"featured_media":26131,"comment_status":"open","ping_status":"open","sticky":false,"template":"","format":"standard","meta":{"footnotes":""},"categories":[20],"tags":[],"class_list":["post-26130","post","type-post","status-publish","format-standard","has-post-thumbnail","hentry","category-actualidad"],"_links":{"self":[{"href":"https:\/\/informeagropecuario.com.ar\/index.php?rest_route=\/wp\/v2\/posts\/26130","targetHints":{"allow":["GET"]}}],"collection":[{"href":"https:\/\/informeagropecuario.com.ar\/index.php?rest_route=\/wp\/v2\/posts"}],"about":[{"href":"https:\/\/informeagropecuario.com.ar\/index.php?rest_route=\/wp\/v2\/types\/post"}],"author":[{"embeddable":true,"href":"https:\/\/informeagropecuario.com.ar\/index.php?rest_route=\/wp\/v2\/users\/1"}],"replies":[{"embeddable":true,"href":"https:\/\/informeagropecuario.com.ar\/index.php?rest_route=%2Fwp%2Fv2%2Fcomments&post=26130"}],"version-history":[{"count":1,"href":"https:\/\/informeagropecuario.com.ar\/index.php?rest_route=\/wp\/v2\/posts\/26130\/revisions"}],"predecessor-version":[{"id":26132,"href":"https:\/\/informeagropecuario.com.ar\/index.php?rest_route=\/wp\/v2\/posts\/26130\/revisions\/26132"}],"wp:featuredmedia":[{"embeddable":true,"href":"https:\/\/informeagropecuario.com.ar\/index.php?rest_route=\/wp\/v2\/media\/26131"}],"wp:attachment":[{"href":"https:\/\/informeagropecuario.com.ar\/index.php?rest_route=%2Fwp%2Fv2%2Fmedia&parent=26130"}],"wp:term":[{"taxonomy":"category","embeddable":true,"href":"https:\/\/informeagropecuario.com.ar\/index.php?rest_route=%2Fwp%2Fv2%2Fcategories&post=26130"},{"taxonomy":"post_tag","embeddable":true,"href":"https:\/\/informeagropecuario.com.ar\/index.php?rest_route=%2Fwp%2Fv2%2Ftags&post=26130"}],"curies":[{"name":"wp","href":"https:\/\/api.w.org\/{rel}","templated":true}]}}