{"id":26133,"date":"2025-06-17T18:09:34","date_gmt":"2025-06-17T21:09:34","guid":{"rendered":"http:\/\/informeagropecuario.com.ar\/?p=26133"},"modified":"2025-06-17T18:09:35","modified_gmt":"2025-06-17T21:09:35","slug":"importaciones-de-papa-y-fruta-no-logran-bajar-precios-y-en-cambio-los-encarecen","status":"publish","type":"post","link":"https:\/\/informeagropecuario.com.ar\/?p=26133","title":{"rendered":"Importaciones de papa y fruta no logran bajar precios y, en cambio, los encarecen"},"content":{"rendered":"\n<p><strong>La reciente apertura a la importaci\u00f3n de productos agr\u00edcolas como la papa y la fruta no ha tenido el efecto esperado en el mercado local. Lejos de ayudar a reducir los precios en g\u00f3ndola, la llegada de papa procedente de Chile y Brasil se ha traducido en valores incluso superiores a los de la papa nacional. Por su parte, la fruta importada presenta precios que duplican a los locales.<\/strong><\/p>\n\n\n\n<p>Esta situaci\u00f3n sorprende a consumidores y especialistas, que esperaban una baja en los costos al aumentar la oferta con productos extranjeros. Sin embargo, m\u00faltiples factores explican este fen\u00f3meno:<\/p>\n\n\n\n<p>En primer lugar, los costos log\u00edsticos asociados al transporte internacional y la gesti\u00f3n aduanera suman un peso significativo al valor final. Adem\u00e1s, los impuestos y aranceles vigentes impactan directamente en el precio de los productos importados, que no siempre se reflejan en una ventaja competitiva frente a la producci\u00f3n nacional.<\/p>\n\n\n\n<p>Otro punto a considerar es la calidad y variedad de la papa y la fruta importada, que en algunos casos se percibe como superior, lo cual permite a las cadenas comerciales fijar precios m\u00e1s altos. Por \u00faltimo, la estructura del mercado y la competencia limitada en g\u00f3ndola permiten a los grandes retailers mantener m\u00e1rgenes elevados sin trasladar beneficios reales al consumidor.<\/p>\n\n\n\n<p>En definitiva, la apertura a la importaci\u00f3n no ha logrado beneficiar a los consumidores con precios m\u00e1s accesibles, sino que, en varios casos, ha contribuido a una escalada en los valores que repercute directamente en el bolsillo de las familias.<\/p>\n\n\n\n<p>La recomendaci\u00f3n es seguir monitoreando esta situaci\u00f3n y buscar pol\u00edticas p\u00fablicas que incentiven una mayor competencia y transparencia en la cadena de comercializaci\u00f3n, para que la apertura comercial se traduzca en precios justos para el consumidor.<\/p>\n","protected":false},"excerpt":{"rendered":"<p>La reciente apertura a la importaci\u00f3n de productos agr\u00edcolas como la papa y la fruta<\/p>\n","protected":false},"author":1,"featured_media":26134,"comment_status":"open","ping_status":"open","sticky":false,"template":"","format":"standard","meta":{"footnotes":""},"categories":[20],"tags":[],"class_list":["post-26133","post","type-post","status-publish","format-standard","has-post-thumbnail","hentry","category-actualidad"],"_links":{"self":[{"href":"https:\/\/informeagropecuario.com.ar\/index.php?rest_route=\/wp\/v2\/posts\/26133","targetHints":{"allow":["GET"]}}],"collection":[{"href":"https:\/\/informeagropecuario.com.ar\/index.php?rest_route=\/wp\/v2\/posts"}],"about":[{"href":"https:\/\/informeagropecuario.com.ar\/index.php?rest_route=\/wp\/v2\/types\/post"}],"author":[{"embeddable":true,"href":"https:\/\/informeagropecuario.com.ar\/index.php?rest_route=\/wp\/v2\/users\/1"}],"replies":[{"embeddable":true,"href":"https:\/\/informeagropecuario.com.ar\/index.php?rest_route=%2Fwp%2Fv2%2Fcomments&post=26133"}],"version-history":[{"count":1,"href":"https:\/\/informeagropecuario.com.ar\/index.php?rest_route=\/wp\/v2\/posts\/26133\/revisions"}],"predecessor-version":[{"id":26135,"href":"https:\/\/informeagropecuario.com.ar\/index.php?rest_route=\/wp\/v2\/posts\/26133\/revisions\/26135"}],"wp:featuredmedia":[{"embeddable":true,"href":"https:\/\/informeagropecuario.com.ar\/index.php?rest_route=\/wp\/v2\/media\/26134"}],"wp:attachment":[{"href":"https:\/\/informeagropecuario.com.ar\/index.php?rest_route=%2Fwp%2Fv2%2Fmedia&parent=26133"}],"wp:term":[{"taxonomy":"category","embeddable":true,"href":"https:\/\/informeagropecuario.com.ar\/index.php?rest_route=%2Fwp%2Fv2%2Fcategories&post=26133"},{"taxonomy":"post_tag","embeddable":true,"href":"https:\/\/informeagropecuario.com.ar\/index.php?rest_route=%2Fwp%2Fv2%2Ftags&post=26133"}],"curies":[{"name":"wp","href":"https:\/\/api.w.org\/{rel}","templated":true}]}}