{"id":26155,"date":"2025-06-18T13:27:18","date_gmt":"2025-06-18T16:27:18","guid":{"rendered":"http:\/\/informeagropecuario.com.ar\/?p=26155"},"modified":"2025-06-18T13:27:18","modified_gmt":"2025-06-18T16:27:18","slug":"importante-jornada-de-trabajo-en-puerto-quequen-junto-al-consejo-federal-de-inversiones","status":"publish","type":"post","link":"https:\/\/informeagropecuario.com.ar\/?p=26155","title":{"rendered":"Importante jornada de trabajo en Puerto Quequ\u00e9n junto al Consejo Federal de Inversiones"},"content":{"rendered":"\n<p><strong>La presidenta del Consorcio de Gesti\u00f3n del Puerto de Quequ\u00e9n, Lic. Jimena L\u00f3pez, encabez\u00f3 una importante jornada de trabajo junto a representantes del Consejo Federal de Inversiones (CFI), con el objetivo de profundizar el desarrollo operativo y estrat\u00e9gico del ente portuario.<\/strong><\/p>\n\n\n\n<p>Acompa\u00f1ada por el equipo gerencial del Consorcio, L\u00f3pez recibi\u00f3 a Rodolfo Fiadone y Tom\u00e1s Gulias, integrantes del CFI, para abordar una agenda estructurada en tres ejes tem\u00e1ticos claves.<\/p>\n\n\n\n<p>El primero de los bloques, denominado <strong>\u201cGobernanza y gesti\u00f3n\u201d<\/strong>, incluy\u00f3 el an\u00e1lisis de temas como el modelo de gesti\u00f3n y gobernanza del puerto, pol\u00edticas de inversi\u00f3n, recursos humanos del \u00e1rea comercial, tecnolog\u00edas aplicadas a procesos y buenas pr\u00e1cticas en gesti\u00f3n ambiental.<\/p>\n\n\n\n<p>En el segundo tramo, <strong>\u201cEntorno portuario\u201d<\/strong>, se trabaj\u00f3 sobre aspectos fundamentales vinculados a la conectividad, la relaci\u00f3n Puerto-Ciudad, los servicios portuarios en su zona de influencia y el equipamiento f\u00edsico e infraestructura existente.<\/p>\n\n\n\n<p>Finalmente, el encuentro cerr\u00f3 con el eje <strong>\u201cAn\u00e1lisis y estrategia comercial\u201d<\/strong>, donde se profundiz\u00f3 en los datos generales de la actividad, estudios financieros y proyecciones comerciales.<\/p>\n\n\n\n<p>El balance de la jornada fue altamente positivo, generando compromiso entre los participantes para avanzar en la implementaci\u00f3n de las estrategias discutidas, siempre con la mirada puesta en fortalecer el rol del Puerto de Quequ\u00e9n como motor del desarrollo regional.<\/p>\n\n\n\n<p>Cabe destacar que el <strong>Consejo Federal de Inversiones<\/strong> es un organismo p\u00fablico interestadual que promueve herramientas t\u00e9cnico-financieras para acompa\u00f1ar proyectos productivos y de infraestructura, en coordinaci\u00f3n con las administraciones provinciales, en pos de un desarrollo federal e innovador.<\/p>\n","protected":false},"excerpt":{"rendered":"<p>La presidenta del Consorcio de Gesti\u00f3n del Puerto de Quequ\u00e9n, Lic. Jimena L\u00f3pez, encabez\u00f3 una<\/p>\n","protected":false},"author":1,"featured_media":26156,"comment_status":"open","ping_status":"open","sticky":false,"template":"","format":"standard","meta":{"footnotes":""},"categories":[20],"tags":[],"class_list":["post-26155","post","type-post","status-publish","format-standard","has-post-thumbnail","hentry","category-actualidad"],"_links":{"self":[{"href":"https:\/\/informeagropecuario.com.ar\/index.php?rest_route=\/wp\/v2\/posts\/26155","targetHints":{"allow":["GET"]}}],"collection":[{"href":"https:\/\/informeagropecuario.com.ar\/index.php?rest_route=\/wp\/v2\/posts"}],"about":[{"href":"https:\/\/informeagropecuario.com.ar\/index.php?rest_route=\/wp\/v2\/types\/post"}],"author":[{"embeddable":true,"href":"https:\/\/informeagropecuario.com.ar\/index.php?rest_route=\/wp\/v2\/users\/1"}],"replies":[{"embeddable":true,"href":"https:\/\/informeagropecuario.com.ar\/index.php?rest_route=%2Fwp%2Fv2%2Fcomments&post=26155"}],"version-history":[{"count":1,"href":"https:\/\/informeagropecuario.com.ar\/index.php?rest_route=\/wp\/v2\/posts\/26155\/revisions"}],"predecessor-version":[{"id":26157,"href":"https:\/\/informeagropecuario.com.ar\/index.php?rest_route=\/wp\/v2\/posts\/26155\/revisions\/26157"}],"wp:featuredmedia":[{"embeddable":true,"href":"https:\/\/informeagropecuario.com.ar\/index.php?rest_route=\/wp\/v2\/media\/26156"}],"wp:attachment":[{"href":"https:\/\/informeagropecuario.com.ar\/index.php?rest_route=%2Fwp%2Fv2%2Fmedia&parent=26155"}],"wp:term":[{"taxonomy":"category","embeddable":true,"href":"https:\/\/informeagropecuario.com.ar\/index.php?rest_route=%2Fwp%2Fv2%2Fcategories&post=26155"},{"taxonomy":"post_tag","embeddable":true,"href":"https:\/\/informeagropecuario.com.ar\/index.php?rest_route=%2Fwp%2Fv2%2Ftags&post=26155"}],"curies":[{"name":"wp","href":"https:\/\/api.w.org\/{rel}","templated":true}]}}