{"id":26161,"date":"2025-06-23T16:31:06","date_gmt":"2025-06-23T19:31:06","guid":{"rendered":"http:\/\/informeagropecuario.com.ar\/?p=26161"},"modified":"2025-06-23T16:31:06","modified_gmt":"2025-06-23T19:31:06","slug":"mejorarlo-si-romperlo-no-las-rurales-del-sudeste-bonaerense-defendieron-al-inta-ante-los-recortes-del-gobierno","status":"publish","type":"post","link":"https:\/\/informeagropecuario.com.ar\/?p=26161","title":{"rendered":"\u00abMejorarlo, s\u00ed. Romperlo, no\u00bb: las rurales del sudeste bonaerense defendieron al INTA ante los recortes del Gobierno"},"content":{"rendered":"\n<p><strong>Con un mensaje claro al Gobierno Nacional, las Sociedades Rurales del Sudeste bonaerense advirtieron que el Instituto Nacional de Tecnolog\u00eda Agropecuaria (INTA) \u201cpuede y debe mejorarse\u201d, pero no debe \u201cromperse ni vaciarse\u201d<\/strong><\/p>\n\n\n\n<p>La definici\u00f3n surgi\u00f3 tras su reuni\u00f3n mensual, celebrada en la sede de la Sociedad Rural de General Alvarado, en Comandante Nicanor Otamendi.<\/p>\n\n\n\n<p>La posici\u00f3n fue adoptada frente a las intenciones del gobierno de Javier Milei de avanzar con recortes en organismos estatales, entre ellos el INTA, como parte de su pol\u00edtica de ajuste generalizado. La preocupaci\u00f3n del sector agropecuario es clara: desfinanciar al instituto significar\u00eda afectar el desarrollo cient\u00edfico y tecnol\u00f3gico que sostiene la producci\u00f3n agropecuaria argentina.<\/p>\n\n\n\n<p>\u201cMejorarlo, s\u00ed. Romperlo, no\u201d, fue la frase que sintetiz\u00f3 el malestar de los productores, quienes destacaron la necesidad de preservar y fortalecer el organismo que desde hace d\u00e9cadas impulsa investigaciones clave para el campo.<\/p>\n\n\n\n<p>Las sociedades rurales, agrupadas en CARBAP, se\u00f1alaron que si bien el INTA puede ser objeto de mejoras y modernizaci\u00f3n, su vaciamiento atentar\u00eda contra los propios intereses productivos del pa\u00eds. Adem\u00e1s, recordaron que el sector privado participa activamente en el funcionamiento del instituto, por lo que consideran fundamental sostener ese v\u00ednculo p\u00fablico-privado.<\/p>\n\n\n\n<p>En el encuentro tambi\u00e9n se abordaron otras problem\u00e1ticas que aquejan a la regi\u00f3n. Las rurales expresaron su rechazo a la decisi\u00f3n del Gobierno Nacional de frenar la rebaja de los derechos de exportaci\u00f3n (DEX) a los cultivos de gruesa, una medida que consideran perjudicial para la rentabilidad del sector. A su vez, reiteraron sus reclamos a los municipios por el mal estado de los caminos rurales y la falta de respuestas concretas a sus demandas.<\/p>\n\n\n\n<p>La jornada cont\u00f3 con disertaciones t\u00e9cnicas sobre huella de carbono y cruzamientos de razas bovinas, reflejando el inter\u00e9s del sector en incorporar herramientas que contribuyan a una producci\u00f3n m\u00e1s eficiente y sostenible.<\/p>\n\n\n\n<p>De este modo, el ruralismo del sudeste bonaerense se plant\u00f3 frente a los recortes y envi\u00f3 un mensaje directo a la administraci\u00f3n nacional: <em>\u201cEl campo necesita m\u00e1s ciencia y tecnolog\u00eda, no menos\u201d<\/em>.<\/p>\n","protected":false},"excerpt":{"rendered":"<p>Con un mensaje claro al Gobierno Nacional, las Sociedades Rurales del Sudeste bonaerense advirtieron que<\/p>\n","protected":false},"author":1,"featured_media":26162,"comment_status":"open","ping_status":"open","sticky":false,"template":"","format":"standard","meta":{"footnotes":""},"categories":[20],"tags":[],"class_list":["post-26161","post","type-post","status-publish","format-standard","has-post-thumbnail","hentry","category-actualidad"],"_links":{"self":[{"href":"https:\/\/informeagropecuario.com.ar\/index.php?rest_route=\/wp\/v2\/posts\/26161","targetHints":{"allow":["GET"]}}],"collection":[{"href":"https:\/\/informeagropecuario.com.ar\/index.php?rest_route=\/wp\/v2\/posts"}],"about":[{"href":"https:\/\/informeagropecuario.com.ar\/index.php?rest_route=\/wp\/v2\/types\/post"}],"author":[{"embeddable":true,"href":"https:\/\/informeagropecuario.com.ar\/index.php?rest_route=\/wp\/v2\/users\/1"}],"replies":[{"embeddable":true,"href":"https:\/\/informeagropecuario.com.ar\/index.php?rest_route=%2Fwp%2Fv2%2Fcomments&post=26161"}],"version-history":[{"count":1,"href":"https:\/\/informeagropecuario.com.ar\/index.php?rest_route=\/wp\/v2\/posts\/26161\/revisions"}],"predecessor-version":[{"id":26163,"href":"https:\/\/informeagropecuario.com.ar\/index.php?rest_route=\/wp\/v2\/posts\/26161\/revisions\/26163"}],"wp:featuredmedia":[{"embeddable":true,"href":"https:\/\/informeagropecuario.com.ar\/index.php?rest_route=\/wp\/v2\/media\/26162"}],"wp:attachment":[{"href":"https:\/\/informeagropecuario.com.ar\/index.php?rest_route=%2Fwp%2Fv2%2Fmedia&parent=26161"}],"wp:term":[{"taxonomy":"category","embeddable":true,"href":"https:\/\/informeagropecuario.com.ar\/index.php?rest_route=%2Fwp%2Fv2%2Fcategories&post=26161"},{"taxonomy":"post_tag","embeddable":true,"href":"https:\/\/informeagropecuario.com.ar\/index.php?rest_route=%2Fwp%2Fv2%2Ftags&post=26161"}],"curies":[{"name":"wp","href":"https:\/\/api.w.org\/{rel}","templated":true}]}}