{"id":26164,"date":"2025-06-23T16:50:21","date_gmt":"2025-06-23T19:50:21","guid":{"rendered":"http:\/\/informeagropecuario.com.ar\/?p=26164"},"modified":"2025-06-23T16:50:21","modified_gmt":"2025-06-23T19:50:21","slug":"los-proximos-meses-se-anticipan-con-alta-volatilidad-para-el-mercado-de-granos","status":"publish","type":"post","link":"https:\/\/informeagropecuario.com.ar\/?p=26164","title":{"rendered":"Los pr\u00f3ximos meses se anticipan con alta volatilidad para el mercado de granos."},"content":{"rendered":"\n<p><strong>Si bien los conflictos b\u00e9licos, como el reciente enfrentamiento entre Ir\u00e1n e Israel, vuelven a encender las alarmas en el comercio global, hay otros factores que hoy pesan m\u00e1s sobre los precios agr\u00edcolas, particularmente en el caso del ma\u00edz argentino.<\/strong><\/p>\n\n\n\n<p>El conflicto en Medio Oriente reaviv\u00f3 la preocupaci\u00f3n por el posible cierre del estrecho de Ormuz, una v\u00eda estrat\u00e9gica por donde transita alrededor de un tercio del petr\u00f3leo que se consume a nivel mundial. Las amenazas de interrupci\u00f3n en este paso clave generan incertidumbre en el mercado energ\u00e9tico y, por ende, tambi\u00e9n en los mercados agr\u00edcolas, que suelen reaccionar al ritmo de los movimientos del petr\u00f3leo por su v\u00ednculo con los biocombustibles y los costos log\u00edsticos.<\/p>\n\n\n\n<p>Sin embargo, en lo que respecta al ma\u00edz argentino, hay un factor que pesa a\u00fan m\u00e1s que el ruido geopol\u00edtico: la excelente cosecha en Estados Unidos. Las proyecciones indican una producci\u00f3n r\u00e9cord del cereal norteamericano, lo que genera una presi\u00f3n bajista adicional para los precios internacionales.<\/p>\n\n\n\n<p>A esto se suma la menor demanda de China en el mercado internacional. Tras a\u00f1os de ser un comprador clave, el gigante asi\u00e1tico ha reducido sus importaciones, lo que tambi\u00e9n contribuye a debilitar las cotizaciones.<\/p>\n\n\n\n<p>Por su parte, el trigo s\u00ed se ve directamente afectado por el conflicto en Medio Oriente. Esta regi\u00f3n es un exportador relevante del cereal, y cualquier interrupci\u00f3n en el suministro puede traducirse en aumentos de precios a nivel global. Pero el ma\u00edz, con fundamentos m\u00e1s ligados a la oferta abundante y la demanda d\u00e9bil, enfrenta un panorama m\u00e1s complejo.<\/p>\n\n\n\n<p>En este contexto, los productores argentinos miran con preocupaci\u00f3n el comportamiento del mercado. La competencia con Estados Unidos y Brasil es feroz, y el ingreso de divisas por exportaciones de ma\u00edz, uno de los pilares del agro nacional, podr\u00eda verse resentido si los precios contin\u00faan su tendencia descendente.<\/p>\n\n\n\n<p>Los analistas coinciden en que la volatilidad ser\u00e1 la norma en los pr\u00f3ximos meses. La clave estar\u00e1 en monitorear de cerca la evoluci\u00f3n de los conflictos internacionales y, especialmente, los datos de oferta y demanda en los principales pa\u00edses productores.<\/p>\n\n\n\n<p><strong>Conclusi\u00f3n:<\/strong><br>Mientras las tensiones geopol\u00edticas generan titulares, el verdadero desaf\u00edo para el ma\u00edz argentino es econ\u00f3mico: una abundante oferta global y una demanda internacional que no logra repuntar. Con este escenario, la presi\u00f3n bajista sobre los precios podr\u00eda persistir, obligando al sector agropecuario a replantear estrategias comerciales para enfrentar el nuevo escenario global.<\/p>\n\n\n\n<p><\/p>\n","protected":false},"excerpt":{"rendered":"<p>Si bien los conflictos b\u00e9licos, como el reciente enfrentamiento entre Ir\u00e1n e Israel, vuelven a<\/p>\n","protected":false},"author":1,"featured_media":26165,"comment_status":"open","ping_status":"open","sticky":false,"template":"","format":"standard","meta":{"footnotes":""},"categories":[20],"tags":[],"class_list":["post-26164","post","type-post","status-publish","format-standard","has-post-thumbnail","hentry","category-actualidad"],"_links":{"self":[{"href":"https:\/\/informeagropecuario.com.ar\/index.php?rest_route=\/wp\/v2\/posts\/26164","targetHints":{"allow":["GET"]}}],"collection":[{"href":"https:\/\/informeagropecuario.com.ar\/index.php?rest_route=\/wp\/v2\/posts"}],"about":[{"href":"https:\/\/informeagropecuario.com.ar\/index.php?rest_route=\/wp\/v2\/types\/post"}],"author":[{"embeddable":true,"href":"https:\/\/informeagropecuario.com.ar\/index.php?rest_route=\/wp\/v2\/users\/1"}],"replies":[{"embeddable":true,"href":"https:\/\/informeagropecuario.com.ar\/index.php?rest_route=%2Fwp%2Fv2%2Fcomments&post=26164"}],"version-history":[{"count":1,"href":"https:\/\/informeagropecuario.com.ar\/index.php?rest_route=\/wp\/v2\/posts\/26164\/revisions"}],"predecessor-version":[{"id":26166,"href":"https:\/\/informeagropecuario.com.ar\/index.php?rest_route=\/wp\/v2\/posts\/26164\/revisions\/26166"}],"wp:featuredmedia":[{"embeddable":true,"href":"https:\/\/informeagropecuario.com.ar\/index.php?rest_route=\/wp\/v2\/media\/26165"}],"wp:attachment":[{"href":"https:\/\/informeagropecuario.com.ar\/index.php?rest_route=%2Fwp%2Fv2%2Fmedia&parent=26164"}],"wp:term":[{"taxonomy":"category","embeddable":true,"href":"https:\/\/informeagropecuario.com.ar\/index.php?rest_route=%2Fwp%2Fv2%2Fcategories&post=26164"},{"taxonomy":"post_tag","embeddable":true,"href":"https:\/\/informeagropecuario.com.ar\/index.php?rest_route=%2Fwp%2Fv2%2Ftags&post=26164"}],"curies":[{"name":"wp","href":"https:\/\/api.w.org\/{rel}","templated":true}]}}