{"id":26167,"date":"2025-06-23T17:30:13","date_gmt":"2025-06-23T20:30:13","guid":{"rendered":"http:\/\/informeagropecuario.com.ar\/?p=26167"},"modified":"2025-06-23T17:30:13","modified_gmt":"2025-06-23T20:30:13","slug":"el-campo-acelera-liquidaciones-el-gobierno-confirma-que-no-prorrogara-la-baja-de-retenciones","status":"publish","type":"post","link":"https:\/\/informeagropecuario.com.ar\/?p=26167","title":{"rendered":"El campo acelera liquidaciones: el Gobierno confirma que no prorrogar\u00e1 la baja de retenciones"},"content":{"rendered":"\n<p><strong>A pocos d\u00edas de que venza la reducci\u00f3n temporal de retenciones, el Gobierno nacional confirm\u00f3 que no extender\u00e1 la medida, y el sector agropecuario se apura a liquidar granos para aprovechar las al\u00edcuotas reducidas.<\/strong><\/p>\n\n\n\n<p>Desde el 1\u00b0 de julio, los derechos de exportaci\u00f3n volver\u00e1n a ubicarse en el 33% para el poroto de soja y en el 31% para sus derivados. En el caso del ma\u00edz, el tributo pasar\u00e1 del 9% actual al 12%.<\/p>\n\n\n\n<p>La decisi\u00f3n oficial se sostiene a pesar del alivio fiscal logrado en los \u00faltimos meses gracias al fuerte ajuste del gasto p\u00fablico, que incluso supera las metas comprometidas con el Fondo Monetario Internacional (FMI). Seg\u00fan fuentes del equipo econ\u00f3mico, no hay margen pol\u00edtico ni fiscal para sostener la rebaja impositiva sobre las exportaciones agr\u00edcolas.<\/p>\n\n\n\n<p>Desde el sector agroexportador reconocen que la expectativa por una posible pr\u00f3rroga se fue desinflando con el correr de las semanas. Dirigentes de la Mesa de Enlace aseguraron que no hubo contactos con el Gobierno en torno a este tema, mientras que algunos empresarios afirmaron haber recibido se\u00f1ales claras desde el Ministerio de Econom\u00eda: el cronograma se mantiene tal como estaba previsto.<\/p>\n\n\n\n<p>El complejo agroindustrial esperaba una se\u00f1al para sostener el impulso exportador de los \u00faltimos meses, pero con la certeza de que el alivio fiscal termina el 30 de junio, los productores aceleraron las ventas de soja y ma\u00edz para aprovechar el diferencial de retenciones antes del cambio de escenario.<\/p>\n\n\n\n<p>En contraste, otros cultivos como el trigo y la cebada seguir\u00e1n beneficiados con al\u00edcuotas reducidas hasta marzo de 2026, en el marco de una estrategia oficial para incentivar la producci\u00f3n de esos granos. Pero para soja, ma\u00edz, girasol y sorgo, el esquema vuelve a su estructura previa.<\/p>\n\n\n\n<p>El sector teme que el incremento de las retenciones implique un freno en la actividad comercial y productiva durante el segundo semestre, justo cuando el Gobierno necesita reforzar el ingreso de divisas para sostener el equilibrio cambiario y cumplir con los compromisos externos.<\/p>\n\n\n\n<p>Con este panorama, la hist\u00f3rica tensi\u00f3n entre el Poder Ejecutivo y el campo vuelve a quedar en primer plano, en un contexto en el que el super\u00e1vit fiscal convive con las dificultades para reactivar la econom\u00eda.<\/p>\n\n\n\n<p><\/p>\n","protected":false},"excerpt":{"rendered":"<p>A pocos d\u00edas de que venza la reducci\u00f3n temporal de retenciones, el Gobierno nacional confirm\u00f3<\/p>\n","protected":false},"author":1,"featured_media":26168,"comment_status":"open","ping_status":"open","sticky":false,"template":"","format":"standard","meta":{"footnotes":""},"categories":[20],"tags":[],"class_list":["post-26167","post","type-post","status-publish","format-standard","has-post-thumbnail","hentry","category-actualidad"],"_links":{"self":[{"href":"https:\/\/informeagropecuario.com.ar\/index.php?rest_route=\/wp\/v2\/posts\/26167","targetHints":{"allow":["GET"]}}],"collection":[{"href":"https:\/\/informeagropecuario.com.ar\/index.php?rest_route=\/wp\/v2\/posts"}],"about":[{"href":"https:\/\/informeagropecuario.com.ar\/index.php?rest_route=\/wp\/v2\/types\/post"}],"author":[{"embeddable":true,"href":"https:\/\/informeagropecuario.com.ar\/index.php?rest_route=\/wp\/v2\/users\/1"}],"replies":[{"embeddable":true,"href":"https:\/\/informeagropecuario.com.ar\/index.php?rest_route=%2Fwp%2Fv2%2Fcomments&post=26167"}],"version-history":[{"count":1,"href":"https:\/\/informeagropecuario.com.ar\/index.php?rest_route=\/wp\/v2\/posts\/26167\/revisions"}],"predecessor-version":[{"id":26169,"href":"https:\/\/informeagropecuario.com.ar\/index.php?rest_route=\/wp\/v2\/posts\/26167\/revisions\/26169"}],"wp:featuredmedia":[{"embeddable":true,"href":"https:\/\/informeagropecuario.com.ar\/index.php?rest_route=\/wp\/v2\/media\/26168"}],"wp:attachment":[{"href":"https:\/\/informeagropecuario.com.ar\/index.php?rest_route=%2Fwp%2Fv2%2Fmedia&parent=26167"}],"wp:term":[{"taxonomy":"category","embeddable":true,"href":"https:\/\/informeagropecuario.com.ar\/index.php?rest_route=%2Fwp%2Fv2%2Fcategories&post=26167"},{"taxonomy":"post_tag","embeddable":true,"href":"https:\/\/informeagropecuario.com.ar\/index.php?rest_route=%2Fwp%2Fv2%2Ftags&post=26167"}],"curies":[{"name":"wp","href":"https:\/\/api.w.org\/{rel}","templated":true}]}}