{"id":26170,"date":"2025-06-23T17:36:41","date_gmt":"2025-06-23T20:36:41","guid":{"rendered":"http:\/\/informeagropecuario.com.ar\/?p=26170"},"modified":"2025-06-23T17:36:42","modified_gmt":"2025-06-23T20:36:42","slug":"congreso-aapresid-2025-codigo-abierto-para-programar-juntos-el-futuro-del-agro","status":"publish","type":"post","link":"https:\/\/informeagropecuario.com.ar\/?p=26170","title":{"rendered":"Congreso Aapresid 2025: \u201cC\u00f3digo Abierto\u201d para programar juntos el futuro del agro"},"content":{"rendered":"\n<p><strong>Del 6 al 8 de agosto, La Rural de Buenos Aires ser\u00e1 nuevamente el epicentro de la innovaci\u00f3n agropecuaria con una nueva edici\u00f3n del Congreso Aapresid. Bajo el lema \u201cC\u00f3digo Abierto\u201d, el evento organizado por la Asociaci\u00f3n Argentina de Productores en Siembra Directa se propone abrir el juego y programar en conjunto el futuro del campo argentino.<\/strong><\/p>\n\n\n\n<p>Ser\u00e1 la <strong>XXXIII edici\u00f3n<\/strong> de este congreso que se consolida como uno de los principales encuentros de agricultura sustentable a nivel mundial, en alianza estrat\u00e9gica con <strong>Expoagro<\/strong>.<\/p>\n\n\n\n<h2 class=\"wp-block-heading\">Tres d\u00edas a pura innovaci\u00f3n y conocimiento<\/h2>\n\n\n\n<p>\u201cInnovaci\u00f3n, tecnolog\u00eda y conocimiento aplicado ser\u00e1n los pilares de este evento que ya es un referente nacional e internacional\u201d, destac\u00f3 <strong>Rodrigo Rosso<\/strong>, gerente del programa que lidera la organizaci\u00f3n. La propuesta reunir\u00e1 a <strong>productores, empresarios, t\u00e9cnicos, especialistas, acad\u00e9micos y decisores<\/strong> del sector en <strong>tres d\u00edas de intensa actividad<\/strong>, con m\u00e1s de <strong>450 disertantes<\/strong> nacionales e internacionales participando en <strong>160 paneles y conferencias<\/strong>.<\/p>\n\n\n\n<p>Las actividades se desarrollar\u00e1n en <strong>6 auditorios<\/strong> con interpretaci\u00f3n simult\u00e1nea (espa\u00f1ol-ingl\u00e9s) y <strong>3 salas de talleres exclusivos<\/strong>, pensados para el intercambio directo \u201cmano a mano\u201d con los expertos. Adem\u00e1s, se contar\u00e1 con la participaci\u00f3n de <strong>15 delegaciones internacionales<\/strong>.<\/p>\n\n\n\n<h2 class=\"wp-block-heading\">Negocios, tecnolog\u00eda y financiamiento<\/h2>\n\n\n\n<p>Como en ediciones anteriores, el Congreso Aapresid ofrecer\u00e1 un <strong>hall comercial<\/strong> con m\u00e1s de <strong>150 expositores<\/strong> de maquinaria agr\u00edcola, insumos, ganader\u00eda, servicios y <strong>AgTech<\/strong>, consolid\u00e1ndose como un espacio clave para el <strong>posicionamiento y generaci\u00f3n de negocios<\/strong>. Una de las novedades de esta edici\u00f3n ser\u00e1 un <strong>remate televisado de hacienda<\/strong>, mientras que <strong>ocho entidades bancarias<\/strong> estar\u00e1n presentes para ofrecer oportunidades financieras adaptadas al sector.<\/p>\n\n\n\n<h2 class=\"wp-block-heading\">Contenido que marca agenda<\/h2>\n\n\n\n<p>El Congreso Aapresid no solo es un punto de encuentro, sino tambi\u00e9n un espacio donde <strong>se define la agenda productiva del agro argentino<\/strong>. \u201cCada idea o experiencia que se comparte se transforma en la agenda de un sector que apuesta a crecer de manera eficiente y sustentable\u201d, subray\u00f3 Rosso.<\/p>\n\n\n\n<p>El programa de contenidos es el resultado de m\u00e1s de un a\u00f1o de trabajo colaborativo, con la participaci\u00f3n de <strong>500 socios, investigadores, t\u00e9cnicos y empresarios<\/strong>.<\/p>\n\n\n\n<h2 class=\"wp-block-heading\">Siete grandes ejes tem\u00e1ticos<\/h2>\n\n\n\n<p>La edici\u00f3n 2025 abordar\u00e1 <strong>siete ejes estrat\u00e9gicos<\/strong> que marcar\u00e1n la discusi\u00f3n:<\/p>\n\n\n\n<ol class=\"wp-block-list\">\n<li><strong>Aprender Produciendo<\/strong><\/li>\n\n\n\n<li><strong>Desaf\u00edos Globales<\/strong><\/li>\n\n\n\n<li><strong>Innovaci\u00f3n y AgTech<\/strong><\/li>\n\n\n\n<li><strong>Manejo de Plagas<\/strong><\/li>\n\n\n\n<li><strong>Sistemas Integrados<\/strong><\/li>\n\n\n\n<li><strong>Sistemas Productivos Sustentables<\/strong><\/li>\n\n\n\n<li><strong>Perspectivas Sociopol\u00edticas<\/strong><\/li>\n<\/ol>\n\n\n\n<h2 class=\"wp-block-heading\">Espacios especiales y cobertura en vivo<\/h2>\n\n\n\n<p>El evento ofrecer\u00e1 un espacio dedicado a las <strong>AgTech<\/strong>, donde los asistentes podr\u00e1n conocer las \u00faltimas tendencias y conectar <strong>startups<\/strong> con inversores. Adem\u00e1s, el reconocido streaming <strong>\u201cLevantando la Perdiz\u201d<\/strong>, conducido por <strong>Carola Urdangar\u00edn<\/strong>, transmitir\u00e1 en vivo durante los tres d\u00edas con entrevistas exclusivas a los protagonistas.<\/p>\n\n\n\n<p>El <strong>Congreso Aapresid 2025<\/strong> ya se perfila como una cita ineludible para quienes buscan estar a la vanguardia de la <strong>producci\u00f3n sustentable<\/strong> y la <strong>transformaci\u00f3n tecnol\u00f3gica del agro argentino<\/strong>.<\/p>\n","protected":false},"excerpt":{"rendered":"<p>Del 6 al 8 de agosto, La Rural de Buenos Aires ser\u00e1 nuevamente el epicentro<\/p>\n","protected":false},"author":1,"featured_media":26171,"comment_status":"open","ping_status":"open","sticky":false,"template":"","format":"standard","meta":{"footnotes":""},"categories":[20],"tags":[],"class_list":["post-26170","post","type-post","status-publish","format-standard","has-post-thumbnail","hentry","category-actualidad"],"_links":{"self":[{"href":"https:\/\/informeagropecuario.com.ar\/index.php?rest_route=\/wp\/v2\/posts\/26170","targetHints":{"allow":["GET"]}}],"collection":[{"href":"https:\/\/informeagropecuario.com.ar\/index.php?rest_route=\/wp\/v2\/posts"}],"about":[{"href":"https:\/\/informeagropecuario.com.ar\/index.php?rest_route=\/wp\/v2\/types\/post"}],"author":[{"embeddable":true,"href":"https:\/\/informeagropecuario.com.ar\/index.php?rest_route=\/wp\/v2\/users\/1"}],"replies":[{"embeddable":true,"href":"https:\/\/informeagropecuario.com.ar\/index.php?rest_route=%2Fwp%2Fv2%2Fcomments&post=26170"}],"version-history":[{"count":1,"href":"https:\/\/informeagropecuario.com.ar\/index.php?rest_route=\/wp\/v2\/posts\/26170\/revisions"}],"predecessor-version":[{"id":26172,"href":"https:\/\/informeagropecuario.com.ar\/index.php?rest_route=\/wp\/v2\/posts\/26170\/revisions\/26172"}],"wp:featuredmedia":[{"embeddable":true,"href":"https:\/\/informeagropecuario.com.ar\/index.php?rest_route=\/wp\/v2\/media\/26171"}],"wp:attachment":[{"href":"https:\/\/informeagropecuario.com.ar\/index.php?rest_route=%2Fwp%2Fv2%2Fmedia&parent=26170"}],"wp:term":[{"taxonomy":"category","embeddable":true,"href":"https:\/\/informeagropecuario.com.ar\/index.php?rest_route=%2Fwp%2Fv2%2Fcategories&post=26170"},{"taxonomy":"post_tag","embeddable":true,"href":"https:\/\/informeagropecuario.com.ar\/index.php?rest_route=%2Fwp%2Fv2%2Ftags&post=26170"}],"curies":[{"name":"wp","href":"https:\/\/api.w.org\/{rel}","templated":true}]}}