{"id":26192,"date":"2025-06-25T15:13:02","date_gmt":"2025-06-25T18:13:02","guid":{"rendered":"http:\/\/informeagropecuario.com.ar\/?p=26192"},"modified":"2025-06-25T15:13:03","modified_gmt":"2025-06-25T18:13:03","slug":"preocupacion-por-posibles-reformas-en-el-inta-consejeros-piden-una-reunion-urgente-con-sturzenegger","status":"publish","type":"post","link":"https:\/\/informeagropecuario.com.ar\/?p=26192","title":{"rendered":"Preocupaci\u00f3n por posibles reformas en el INTA: consejeros piden una reuni\u00f3n urgente con Sturzenegger"},"content":{"rendered":"\n<p><strong>Ante la creciente preocupaci\u00f3n por los cambios que eval\u00faa el Gobierno nacional en la estructura del Instituto Nacional de Tecnolog\u00eda Agropecuaria (INTA), siete integrantes del Consejo Directivo Nacional solicitaron una reuni\u00f3n urgente con el ministro de Desregulaci\u00f3n y Transformaci\u00f3n del Estado, Federico Sturzenegger.<\/strong><\/p>\n\n\n\n<p>El objetivo del pedido es exponerle en persona el impacto que podr\u00eda tener una eventual reforma sobre el funcionamiento del organismo y ofrecer una mirada t\u00e9cnica y federal sobre el rol estrat\u00e9gico que cumple el INTA en el desarrollo del agro argentino. La nota, enviada el martes pasado, fue firmada por representantes de Coninagro, Confederaciones Rurales Argentinas (CRA), Federaci\u00f3n Agraria Argentina, Sociedad Rural Argentina (SRA), CREA y de las facultades de Agronom\u00eda y Ciencias Veterinarias de universidades nacionales, quienes integran la m\u00e1xima autoridad institucional del organismo.<\/p>\n\n\n\n<p>\u201cQueremos contarle al ministro el trabajo que viene haciendo el INTA y tambi\u00e9n expresar nuestras preocupaciones frente a las versiones que circulan sobre posibles cambios\u201d, expres\u00f3 Sergio Melgarejo, consejero de CRA. \u201cPor ah\u00ed no tiene claro todo lo que venimos haciendo y lo que puede pasar si se avanza con esta reforma\u201d, agreg\u00f3.<\/p>\n\n\n\n<p>Los consejeros manifestaron su inquietud por los trascendidos que indican una posible alteraci\u00f3n del modelo de gobernanza y de la autarqu\u00eda que hist\u00f3ricamente caracterizan al INTA. Consideraron que la reuni\u00f3n ser\u00eda una oportunidad para intercambiar visiones, compartir avances, debatir planes a futuro y enviar se\u00f1ales de continuidad y estabilidad tanto al personal como a la sociedad.<\/p>\n\n\n\n<p>Melgarejo remarc\u00f3 que los principales pilares que estar\u00edan en riesgo si se avanza con el decreto ser\u00edan \u201cla gobernanza, la autonom\u00eda financiera y administrativa, y sobre todo el trabajo territorial\u201d. Enfatiz\u00f3 especialmente el rol de los consejos regionales, que brindan una perspectiva productiva y federal desde cada zona del pa\u00eds: \u201cDesarmar eso es perder la visi\u00f3n territorial que tiene el INTA\u201d, advirti\u00f3.<\/p>\n\n\n\n<p>Hasta el momento, el pedido no obtuvo respuesta oficial. Sin embargo, los firmantes conf\u00edan en que se habilite una instancia de di\u00e1logo. \u201cEl INTA funcion\u00f3 bien durante 70 a\u00f1os, con distintos gobiernos y modelos. Lo que se mantuvo siempre fue su estructura: la descentralizaci\u00f3n, la gobernanza y el anclaje territorial. Eso es lo que hizo fuerte al instituto\u201d, destac\u00f3 Melgarejo.<\/p>\n\n\n\n<p>El consejero tambi\u00e9n reflej\u00f3 el clima de incertidumbre que se vive puertas adentro del organismo: \u201cLa gente trabaja con miedo, pensando qu\u00e9 va a pasar con su futuro. Eso afecta el d\u00eda a d\u00eda y no ayuda en nada\u201d.<\/p>\n\n\n\n<p>\u201cLo que pedimos es di\u00e1logo. Que podamos sentarnos en una mesa, discutir ideas y construir juntos. Eso es lo que siempre caracteriz\u00f3 al INTA, y eso es lo que estamos defendiendo\u201d, concluy\u00f3.<\/p>\n\n\n\n<p><\/p>\n","protected":false},"excerpt":{"rendered":"<p>Ante la creciente preocupaci\u00f3n por los cambios que eval\u00faa el Gobierno nacional en la estructura<\/p>\n","protected":false},"author":1,"featured_media":26193,"comment_status":"open","ping_status":"open","sticky":false,"template":"","format":"standard","meta":{"footnotes":""},"categories":[20],"tags":[],"class_list":["post-26192","post","type-post","status-publish","format-standard","has-post-thumbnail","hentry","category-actualidad"],"_links":{"self":[{"href":"https:\/\/informeagropecuario.com.ar\/index.php?rest_route=\/wp\/v2\/posts\/26192","targetHints":{"allow":["GET"]}}],"collection":[{"href":"https:\/\/informeagropecuario.com.ar\/index.php?rest_route=\/wp\/v2\/posts"}],"about":[{"href":"https:\/\/informeagropecuario.com.ar\/index.php?rest_route=\/wp\/v2\/types\/post"}],"author":[{"embeddable":true,"href":"https:\/\/informeagropecuario.com.ar\/index.php?rest_route=\/wp\/v2\/users\/1"}],"replies":[{"embeddable":true,"href":"https:\/\/informeagropecuario.com.ar\/index.php?rest_route=%2Fwp%2Fv2%2Fcomments&post=26192"}],"version-history":[{"count":1,"href":"https:\/\/informeagropecuario.com.ar\/index.php?rest_route=\/wp\/v2\/posts\/26192\/revisions"}],"predecessor-version":[{"id":26194,"href":"https:\/\/informeagropecuario.com.ar\/index.php?rest_route=\/wp\/v2\/posts\/26192\/revisions\/26194"}],"wp:featuredmedia":[{"embeddable":true,"href":"https:\/\/informeagropecuario.com.ar\/index.php?rest_route=\/wp\/v2\/media\/26193"}],"wp:attachment":[{"href":"https:\/\/informeagropecuario.com.ar\/index.php?rest_route=%2Fwp%2Fv2%2Fmedia&parent=26192"}],"wp:term":[{"taxonomy":"category","embeddable":true,"href":"https:\/\/informeagropecuario.com.ar\/index.php?rest_route=%2Fwp%2Fv2%2Fcategories&post=26192"},{"taxonomy":"post_tag","embeddable":true,"href":"https:\/\/informeagropecuario.com.ar\/index.php?rest_route=%2Fwp%2Fv2%2Ftags&post=26192"}],"curies":[{"name":"wp","href":"https:\/\/api.w.org\/{rel}","templated":true}]}}